{"id":78193,"date":"2022-06-25T21:51:12","date_gmt":"2022-06-26T00:51:12","guid":{"rendered":"https:\/\/laurbedigital.com.ar\/noticias\/?p=78193"},"modified":"2022-06-25T21:51:12","modified_gmt":"2022-06-26T00:51:12","slug":"kicillof-no-es-sostenible-la-expansion-economica-sin-la-recuperacion-de-los-ingresos","status":"publish","type":"post","link":"https:\/\/laurbedigital.com.ar\/noticias\/2022\/06\/25\/kicillof-no-es-sostenible-la-expansion-economica-sin-la-recuperacion-de-los-ingresos\/","title":{"rendered":"Kicillof: \u00abNo es sostenible la expansi\u00f3n econ\u00f3mica sin la recuperaci\u00f3n de los ingresos\u00bb"},"content":{"rendered":"<p>&nbsp;<\/p>\n<h5>El gobernador de la provincia de Buenos Aires, Axel Kicillof, sostuvo hoy que \u00abno es sostenible la expansi\u00f3n econ\u00f3mica sin la recuperaci\u00f3n de los ingresos\u00bb y advirti\u00f3 que si existe recuperaci\u00f3n econ\u00f3mica sin distribuci\u00f3n \u00abse corre el riesgo de la concentraci\u00f3n de la riqueza\u00bb.<\/h5>\n<p>\u00abNo es sostenible la expansi\u00f3n econ\u00f3mica sin la recuperaci\u00f3n de los ingresos\u00bb, dijo el mandatario en declaraciones realizadas esta ma\u00f1ana a Radio Diez.<\/p>\n<p>En este sentido, afirm\u00f3 que \u00abes casi una ley de la recuperaci\u00f3n econ\u00f3mica el problema de la distribuci\u00f3n\u00bb y advirti\u00f3 que de no realizarla \u00abse corre el riesgo de que la reactivaci\u00f3n genere m\u00e1s concentraci\u00f3n de la riqueza\u00bb.<\/p>\n<p>As\u00ed, se\u00f1al\u00f3 que \u00absi uno mira lo que pasa en todo el planeta, primero con la pandemia y despu\u00e9s con la guerra que perturb\u00f3 much\u00edsimo los mercados mundiales en lo relativo a los alimentos\u00bb y con los precios \u00abde la energ\u00eda\u00bb, se observa que \u00abhay un fen\u00f3meno mundial, pero eso no quiere decir que el Estado no tenga respuestas diferenciales\u00bb.<\/p>\n<p><strong>\u00abHoy tenemos buenos n\u00fameros de empleo pero hay que tomar todas las medidas posibles para mejorar los ingresos, y si bien aqu\u00ed se han tomado, hay que profundizarlo\u00bb<\/strong>, propuso.<\/p>\n<p>Kicillof tambi\u00e9n fue consultado sobre el encuentro de la Liga de Gobernadores del Frente de Todos que se realiz\u00f3 ayer en Chaco y dijo que all\u00ed se plante\u00f3 la necesidad de \u00abfederalizar los planes sociales\u00bb para que se pueda \u00abacelerar el proceso de conversi\u00f3n en trabajo genuino\u00bb.<\/p>\n<p>\u00abLo que planteamos con los gobernadores es convertir los planes en trabajo, pero eso requiere un trabajo territorial, una presencia de los gobiernos y planteamos la federalizaci\u00f3n de los planes, que no se manejen desde una decisi\u00f3n central sino que cada uno de los gobernadores y gobierno locales tengamos participaci\u00f3n\u00bb, indic\u00f3 el gobernador bonaerense.<\/p>\n<p>En este sentido, indic\u00f3 que los gobernadores est\u00e1n \u00abpidiendo la federalizaci\u00f3n con la intenci\u00f3n de trabajar y acelerar el proceso de conversaci\u00f3n a trabajo genuino\u00bb.<\/p>\n<p>Adem\u00e1s, asegur\u00f3 que en la provincia de Buenos Aires, el Gobierno no autoriza las altas ni bajas de los planes sociales y a manera de ejemplo, indic\u00f3 que \u00abse habla de 800 mil beneficiarios, piensen que hay 650 mil empleados p\u00fablicos estatales bonaerenses; estamos ante una situaci\u00f3n en el que es necesario discutirlo en el Frente Todos\u00bb.<\/p>\n<p>Kicillof expres\u00f3, adem\u00e1s, que el objetivo de las reuniones con sus pares de otras provincias es discutir c\u00f3mo se distribuye la coparticipaci\u00f3n.<\/p>\n<p>En ese marco, reclam\u00f3 que la Corte Suprema los \u00abescuche como amicus curiae\u00bb antes de fallar sobre el conflicto entre ciudad de Buenos Aires y el Gobierno nacional por los recursos extendidos por el expresidente Mauricio Macri.<\/p>\n<p>\u00abSe puede llegar a resolver sin escuchar a las dem\u00e1s provincias\u00bb, sostuvo y consider\u00f3 que \u00ablo que vemos es que la Corte tiene una l\u00f3gica que no es federal\u00bb.<\/p>\n","protected":false},"excerpt":{"rendered":"<p>&nbsp; El gobernador de la provincia de Buenos Aires, Axel Kicillof, sostuvo hoy que \u00abno es sostenible la expansi\u00f3n econ\u00f3mica<\/p>\n","protected":false},"author":1,"featured_media":78186,"comment_status":"closed","ping_status":"closed","sticky":false,"template":"","format":"standard","meta":{"kia_subtitle":"","footnotes":"","jetpack_publicize_message":"Kicillof: \"No es sostenible la expansi\u00f3n econ\u00f3mica sin la recuperaci\u00f3n de los ingresos\"","jetpack_publicize_feature_enabled":true,"jetpack_social_post_already_shared":true,"jetpack_social_options":{"image_generator_settings":{"template":"highway","default_image_id":0,"font":"","enabled":false},"version":2}},"categories":[3,56],"tags":[],"class_list":["post-78193","post","type-post","status-publish","format-standard","has-post-thumbnail","hentry","category-actualidad","category-buenos-aires"],"jetpack_publicize_connections":[],"jetpack_featured_media_url":"https:\/\/laurbedigital.com.ar\/noticias\/wp-content\/uploads\/2022\/06\/20220625-Kicillof.jpg","_links":{"self":[{"href":"https:\/\/laurbedigital.com.ar\/noticias\/wp-json\/wp\/v2\/posts\/78193","targetHints":{"allow":["GET"]}}],"collection":[{"href":"https:\/\/laurbedigital.com.ar\/noticias\/wp-json\/wp\/v2\/posts"}],"about":[{"href":"https:\/\/laurbedigital.com.ar\/noticias\/wp-json\/wp\/v2\/types\/post"}],"author":[{"embeddable":true,"href":"https:\/\/laurbedigital.com.ar\/noticias\/wp-json\/wp\/v2\/users\/1"}],"replies":[{"embeddable":true,"href":"https:\/\/laurbedigital.com.ar\/noticias\/wp-json\/wp\/v2\/comments?post=78193"}],"version-history":[{"count":2,"href":"https:\/\/laurbedigital.com.ar\/noticias\/wp-json\/wp\/v2\/posts\/78193\/revisions"}],"predecessor-version":[{"id":78195,"href":"https:\/\/laurbedigital.com.ar\/noticias\/wp-json\/wp\/v2\/posts\/78193\/revisions\/78195"}],"wp:featuredmedia":[{"embeddable":true,"href":"https:\/\/laurbedigital.com.ar\/noticias\/wp-json\/wp\/v2\/media\/78186"}],"wp:attachment":[{"href":"https:\/\/laurbedigital.com.ar\/noticias\/wp-json\/wp\/v2\/media?parent=78193"}],"wp:term":[{"taxonomy":"category","embeddable":true,"href":"https:\/\/laurbedigital.com.ar\/noticias\/wp-json\/wp\/v2\/categories?post=78193"},{"taxonomy":"post_tag","embeddable":true,"href":"https:\/\/laurbedigital.com.ar\/noticias\/wp-json\/wp\/v2\/tags?post=78193"}],"curies":[{"name":"wp","href":"https:\/\/api.w.org\/{rel}","templated":true}]}}