{"id":78173,"date":"2022-06-25T10:48:33","date_gmt":"2022-06-25T13:48:33","guid":{"rendered":"https:\/\/laurbedigital.com.ar\/noticias\/?p=78173"},"modified":"2022-06-25T10:52:20","modified_gmt":"2022-06-25T13:52:20","slug":"se-inauguro-la-feria-del-libro-y-llega-un-fin-de-semana-con-actividades-para-toda-la-familia","status":"publish","type":"post","link":"https:\/\/laurbedigital.com.ar\/noticias\/2022\/06\/25\/se-inauguro-la-feria-del-libro-y-llega-un-fin-de-semana-con-actividades-para-toda-la-familia\/","title":{"rendered":"Se inaugur\u00f3 la Feria del Libro y llega un fin de semana con actividades para toda la familia"},"content":{"rendered":"<h5 dir=\"ltr\"><\/h5>\n<h5 dir=\"ltr\">Junto a integrantes de la comunidad educativa, veteranos de Malvinas y representantes de diversas entidades de nuestro distrito, Mariano Cascallares, el presidente del Concejo Deliberante, Nicol\u00e1s Jawtuschenko, y el secretario de Educaci\u00f3n, Ciencia y Tecnolog\u00eda, Sergio Pianciola, encabezaron la inauguraci\u00f3n de la sexta edici\u00f3n de la Feria Internacional del Libro de Almirante Brown (FILAB) que se desarrolla hasta ma\u00f1ana domingo 26 de junio, con una agenda repleta de actividades libres y gratuitas.<\/h5>\n<p dir=\"ltr\">El acto de apertura se llev\u00f3 a cabo en la entrada principal de la feria -ubicada en la Plaza Brown de Adrogu\u00e9-, donde se efectu\u00f3 el tradicional corte de cintas para inaugurar formalmente el esperado evento cultural que cuenta con una amplia variedad de propuestas editoriales y educativas como la presentaci\u00f3n de libros, charlas, talleres, conferencias, y espect\u00e1culos art\u00edsticos para toda la familia, y que adem\u00e1s incluye la participaci\u00f3n de destacadas personalidades de la cultura.<\/p>\n<p><img loading=\"lazy\" decoding=\"async\" class=\"alignnone size-large wp-image-78176\" src=\"https:\/\/laurbedigital.com.ar\/noticias\/wp-content\/uploads\/2022\/06\/carpa6-1024x576.jpg\" alt=\"\" width=\"800\" height=\"450\" title=\"\" srcset=\"https:\/\/laurbedigital.com.ar\/noticias\/wp-content\/uploads\/2022\/06\/carpa6-1024x576.jpg 1024w, https:\/\/laurbedigital.com.ar\/noticias\/wp-content\/uploads\/2022\/06\/carpa6-300x169.jpg 300w, https:\/\/laurbedigital.com.ar\/noticias\/wp-content\/uploads\/2022\/06\/carpa6-768x432.jpg 768w, https:\/\/laurbedigital.com.ar\/noticias\/wp-content\/uploads\/2022\/06\/carpa6.jpg 1152w\" sizes=\"auto, (max-width: 800px) 100vw, 800px\" \/><\/p>\n<p dir=\"ltr\">La jornada inaugural cont\u00f3 adem\u00e1s con la presencia del diputado nacional Eduardo Vald\u00e9s, la titular del Consejo Escolar de Almirante Brown, Mar\u00eda Marta Silva, y del equipo municipal que trabaj\u00f3 muy fuerte para hacer realidad este evento.<\/p>\n<p>En la ocasi\u00f3n, se llev\u00f3 a cabo el descubrimiento de una placa para se\u00f1alizar un espacio dentro de la Feria destinado a los H\u00e9roes Brownianos, en el marco de las actividades de homenaje que lleva adelante el Municipio al cumplirse este a\u00f1o, el 40\u00ba aniversario de la gesta de Malvinas.<\/p>\n<p>L<strong>uego de entonar las estrofas del Himno Nacional Argentino, interpretado por la Orquesta Escuela de Almirante Brown, Cascallares agradeci\u00f3 el enorme trabajo que a\u00f1o tras a\u00f1o se realiza para el desarrollo de la Feria en el distrito, que ha hecho que \u201cla iniciativa se enriquezca\u201d.<\/strong><\/p>\n<p><strong>Asimismo, Cascallares -que hizo llegar a los presentes el saludo de Estela de Carlotto, madrina del evento-, destac\u00f3 que la propuesta cultural educativa regional m\u00e1s importante del a\u00f1o \u201ces un orgullo para todo Almirante Brown\u201d.<\/strong><\/p>\n<p>La ceremonia inaugural se cerr\u00f3 con los acordes de la marcha de Malvinas tambi\u00e9n a cargo de la Orquesta Escuela de nuestro distrito.<\/p>\n<p>Formaron parte del acto representantes de la Sociedad Argentina de Escritores y de la Fundaci\u00f3n del Libro, integrantes de la C\u00e1mara Argentina del Libro, y de la C\u00e1mara Argentina de Publicaciones, representantes de la Comisi\u00f3n Nacional de Bibliotecas Populares, rectores y autoridades de diferentes universidades, inspectores jefes regionales de educaci\u00f3n p\u00fablica y privada, inspectores jefes distritales, delegaciones escolares, directivos y docentes de instituciones educativas, funcionarios del Ejecutivo municipal, concejales, concejalas, y consejeros escolares, entre otros.<\/p>\n<p><img loading=\"lazy\" decoding=\"async\" class=\"alignnone size-large wp-image-78178\" src=\"https:\/\/laurbedigital.com.ar\/noticias\/wp-content\/uploads\/2022\/06\/carpa8-1024x683.jpg\" alt=\"\" width=\"800\" height=\"534\" title=\"\" srcset=\"https:\/\/laurbedigital.com.ar\/noticias\/wp-content\/uploads\/2022\/06\/carpa8-1024x683.jpg 1024w, https:\/\/laurbedigital.com.ar\/noticias\/wp-content\/uploads\/2022\/06\/carpa8-300x200.jpg 300w, https:\/\/laurbedigital.com.ar\/noticias\/wp-content\/uploads\/2022\/06\/carpa8-768x512.jpg 768w, https:\/\/laurbedigital.com.ar\/noticias\/wp-content\/uploads\/2022\/06\/carpa8-1536x1024.jpg 1536w, https:\/\/laurbedigital.com.ar\/noticias\/wp-content\/uploads\/2022\/06\/carpa8.jpg 1600w\" sizes=\"auto, (max-width: 800px) 100vw, 800px\" \/><\/p>\n<h4 dir=\"ltr\">Atracciones de la feria<\/h4>\n<p dir=\"ltr\">Cabe se\u00f1alar que la nueva edici\u00f3n del evento, se prepara para un fin de semana lleno actividades culturales y recreativas.<\/p>\n<p>Se presentar\u00e1n, entre otros, Mauro Szeta y Paulo Kablan, V\u00edctor Hugo Morales, Alejandro Dolina con su programa \u201cLa Venganza ser\u00e1 terrible\u201d, y Pedro Saborido, adem\u00e1s de La Orquesta de C\u00e1mara de Almirante Brown y Pablo Agri y la Orquesta Escuela del distrito junto a la Escuela de Arte Verte Volar.<\/p>\n<p>Adem\u00e1s las vecinas y vecinos del distrito podr\u00e1n seguir disfrutando de muchas otras propuestas en cada uno de auditorios y carpas preparadas para la ocasi\u00f3n. Este a\u00f1o hay un espacio institucional con un simulador del Centro de Operaciones Municipal (COM), y otro destinado al programa solidario \u00abCausa Com\u00fan\u00bb, en el que se pueden donar libros, adem\u00e1s de un puesto de turismo, y los tradicionales Food Trucks.<\/p>\n<p dir=\"ltr\">\n","protected":false},"excerpt":{"rendered":"<p>Junto a integrantes de la comunidad educativa, veteranos de Malvinas y representantes de diversas entidades de nuestro distrito, Mariano Cascallares,<\/p>\n","protected":false},"author":1,"featured_media":78174,"comment_status":"closed","ping_status":"closed","sticky":false,"template":"","format":"standard","meta":{"kia_subtitle":"","footnotes":"","jetpack_publicize_message":"Se inaugur\u00f3 la Feria del Libro y llega un fin de semana con actividades para toda la familia","jetpack_publicize_feature_enabled":true,"jetpack_social_post_already_shared":true,"jetpack_social_options":{"image_generator_settings":{"template":"highway","default_image_id":0,"font":"","enabled":false},"version":2}},"categories":[2,33],"tags":[],"class_list":["post-78173","post","type-post","status-publish","format-standard","has-post-thumbnail","hentry","category-alte-brown","category-alte-brown-alte-brown"],"jetpack_publicize_connections":[],"jetpack_featured_media_url":"https:\/\/laurbedigital.com.ar\/noticias\/wp-content\/uploads\/2022\/06\/20220625-Brown-Feria.jpg","_links":{"self":[{"href":"https:\/\/laurbedigital.com.ar\/noticias\/wp-json\/wp\/v2\/posts\/78173","targetHints":{"allow":["GET"]}}],"collection":[{"href":"https:\/\/laurbedigital.com.ar\/noticias\/wp-json\/wp\/v2\/posts"}],"about":[{"href":"https:\/\/laurbedigital.com.ar\/noticias\/wp-json\/wp\/v2\/types\/post"}],"author":[{"embeddable":true,"href":"https:\/\/laurbedigital.com.ar\/noticias\/wp-json\/wp\/v2\/users\/1"}],"replies":[{"embeddable":true,"href":"https:\/\/laurbedigital.com.ar\/noticias\/wp-json\/wp\/v2\/comments?post=78173"}],"version-history":[{"count":4,"href":"https:\/\/laurbedigital.com.ar\/noticias\/wp-json\/wp\/v2\/posts\/78173\/revisions"}],"predecessor-version":[{"id":78177,"href":"https:\/\/laurbedigital.com.ar\/noticias\/wp-json\/wp\/v2\/posts\/78173\/revisions\/78177"}],"wp:featuredmedia":[{"embeddable":true,"href":"https:\/\/laurbedigital.com.ar\/noticias\/wp-json\/wp\/v2\/media\/78174"}],"wp:attachment":[{"href":"https:\/\/laurbedigital.com.ar\/noticias\/wp-json\/wp\/v2\/media?parent=78173"}],"wp:term":[{"taxonomy":"category","embeddable":true,"href":"https:\/\/laurbedigital.com.ar\/noticias\/wp-json\/wp\/v2\/categories?post=78173"},{"taxonomy":"post_tag","embeddable":true,"href":"https:\/\/laurbedigital.com.ar\/noticias\/wp-json\/wp\/v2\/tags?post=78173"}],"curies":[{"name":"wp","href":"https:\/\/api.w.org\/{rel}","templated":true}]}}