{"id":78162,"date":"2022-06-25T08:08:04","date_gmt":"2022-06-25T11:08:04","guid":{"rendered":"https:\/\/laurbedigital.com.ar\/noticias\/?p=78162"},"modified":"2022-06-24T21:59:53","modified_gmt":"2022-06-25T00:59:53","slug":"prision-perpetua-para-un-expolicia-por-el-femicidio-de-su-expareja-en-2019","status":"publish","type":"post","link":"https:\/\/laurbedigital.com.ar\/noticias\/2022\/06\/25\/prision-perpetua-para-un-expolicia-por-el-femicidio-de-su-expareja-en-2019\/","title":{"rendered":"Prisi\u00f3n perpetua para un expolic\u00eda por el femicidio de su expareja en 2019"},"content":{"rendered":"<p>&nbsp;<\/p>\n<h5>Brian David Dirassar recibi\u00f3 la condena m\u00e1xima por haber asesinado a pu\u00f1aladas a B\u00e1rbara Zabala\u00a0frente a tres amigas cuando regresaba de festejar su cumplea\u00f1os.\u00a0Con este fallo, tres femicidas fueron declarados culpables este jueves por asesinatos de mujeres en distintos puntos del pa\u00eds.<\/h5>\n<p>Un expolic\u00eda fue condenado este jueves a\u00a0<strong>prisi\u00f3n perpetua por el femicidio de su expareja B\u00e1rbara Zabala<\/strong>, quien fue asesinada a pu\u00f1aladas frente a tres amigas cuando regresaba de festejar su cumplea\u00f1os en la localidad bonaerense de Pehuaj\u00f3, en diciembre del 2019, informaron fuentes judiciales.<\/p>\n<p>Con este fallo,<strong>\u00a0tres femicidas fueron declarados culpables<\/strong>\u00a0este jueves por asesinatos de mujeres en distintos puntos del pa\u00eds cometidos en los \u00faltimos tres a\u00f1os.<\/p>\n<p>Fuentes judiciales informaron a T\u00e9lam que por el caso de Zabala este jueves por la tarde recibi\u00f3 la pena m\u00e1xima\u00a0<strong>Brian David Dirassar<\/strong>\u00a0(24) por el delito de \u00abhomicidio doblemente agravado por la relaci\u00f3n de pareja y por haber mediado violencia de g\u00e9nero\u00bb.<\/p>\n<p>El fisca<strong>l Leonado Cortelezzi\u00a0<\/strong>y el abogado\u00a0<strong>Pedro Goldenberg<\/strong>, representante de la familia de la v\u00edctima, hab\u00edan solicitado reclusi\u00f3n perpetua, lo que le hubiera impedido acceder a beneficios durante el cumplimiento de la pena.<\/p>\n<p>Ambos hab\u00edan considerado que el hecho debi\u00f3 encuadrarse por ese delito m\u00e1s el agravante de la \u00ab<strong>alevos\u00eda<\/strong>\u00ab, aunque esto \u00faltimo fue descartado por el Tribunal Oral Criminal (TOC) 1 de Trenque Lauquen, integrado por los jueces\u00a0<strong>Mar\u00eda Gabriela Mart\u00ednez, Horacio Marcelo Centeno y Pedro Alejandro Guti\u00e9rrez<\/strong>.<\/p>\n<p>\u00abTanto la fiscal\u00eda como nosotros<strong>\u00a0vamos a recurrir la pena en Casaci\u00f3n porque creemos que deb\u00eda ser una reclusi\u00f3n<\/strong>. El Tribunal se perdi\u00f3 una oportunidad de sentar jurisprudencia en un hecho de estas caracter\u00edsticas\u00bb, dijo a T\u00e9lam el abogado Goldenberg.<\/p>\n<p>En tanto, la defensora p\u00fablica hab\u00eda solicitado en su alegato la pena m\u00ednima para el expolic\u00eda al considerar que actu\u00f3 en medio de una \u00abemoci\u00f3n violenta\u00bb y plante\u00f3 la inconstitucionalidad de la reclusi\u00f3n perpetua.<\/p>\n<p>\u00abLa familia de la v\u00edctima no qued\u00f3 conforme con el fallo porque quer\u00eda una reclusi\u00f3n por tiempo indeterminado\u00bb, a\u00f1adi\u00f3 su representante legal.<\/p>\n<p>Tras los alegatos, Dirassar hab\u00eda dicho en sus \u00ab\u00faltimas palabras\u00bb ante el Tribunal desde la Unidad Penal 30 de General Alvear, que estaba \u00abarrepentido\u00bb por lo sucedido y le pidi\u00f3 \u00abperd\u00f3n a todos los presentes en la sala\u00bb.<\/p>\n<p>Dirassar, quien no escuch\u00f3 la lectura de la sentencia por un problema t\u00e9cnico en el sistema de videoconferencia de esa c\u00e1rcel, pertenec\u00eda al Grupo de Apoyo Departamental (GAD) de la Jefatura Departamental de Trenque Lauquen, aunque hab\u00eda pedido la baja, por lo que estaba en proceso de ser desafectado y ya hab\u00eda entregado su arma reglamentaria y su placa de identificaci\u00f3n de la fuerza antes del crimen de B\u00e1rbara.<\/p>\n<p>&nbsp;<\/p>\n<p>&nbsp;<\/p>\n","protected":false},"excerpt":{"rendered":"<p>&nbsp; Brian David Dirassar recibi\u00f3 la condena m\u00e1xima por haber asesinado a pu\u00f1aladas a B\u00e1rbara Zabala\u00a0frente a tres amigas cuando<\/p>\n","protected":false},"author":1,"featured_media":78145,"comment_status":"closed","ping_status":"closed","sticky":false,"template":"","format":"standard","meta":{"kia_subtitle":"","footnotes":"","jetpack_publicize_message":"Prisi\u00f3n perpetua para un expolic\u00eda por el femicidio de su expareja en 2019","jetpack_publicize_feature_enabled":true,"jetpack_social_post_already_shared":true,"jetpack_social_options":{"image_generator_settings":{"template":"highway","default_image_id":0,"font":"","enabled":false},"version":2}},"categories":[8],"tags":[],"class_list":["post-78162","post","type-post","status-publish","format-standard","has-post-thumbnail","hentry","category-policiales"],"jetpack_publicize_connections":[],"jetpack_featured_media_url":"https:\/\/laurbedigital.com.ar\/noticias\/wp-content\/uploads\/2022\/06\/20220624-Femicida.jpg","_links":{"self":[{"href":"https:\/\/laurbedigital.com.ar\/noticias\/wp-json\/wp\/v2\/posts\/78162","targetHints":{"allow":["GET"]}}],"collection":[{"href":"https:\/\/laurbedigital.com.ar\/noticias\/wp-json\/wp\/v2\/posts"}],"about":[{"href":"https:\/\/laurbedigital.com.ar\/noticias\/wp-json\/wp\/v2\/types\/post"}],"author":[{"embeddable":true,"href":"https:\/\/laurbedigital.com.ar\/noticias\/wp-json\/wp\/v2\/users\/1"}],"replies":[{"embeddable":true,"href":"https:\/\/laurbedigital.com.ar\/noticias\/wp-json\/wp\/v2\/comments?post=78162"}],"version-history":[{"count":2,"href":"https:\/\/laurbedigital.com.ar\/noticias\/wp-json\/wp\/v2\/posts\/78162\/revisions"}],"predecessor-version":[{"id":78164,"href":"https:\/\/laurbedigital.com.ar\/noticias\/wp-json\/wp\/v2\/posts\/78162\/revisions\/78164"}],"wp:featuredmedia":[{"embeddable":true,"href":"https:\/\/laurbedigital.com.ar\/noticias\/wp-json\/wp\/v2\/media\/78145"}],"wp:attachment":[{"href":"https:\/\/laurbedigital.com.ar\/noticias\/wp-json\/wp\/v2\/media?parent=78162"}],"wp:term":[{"taxonomy":"category","embeddable":true,"href":"https:\/\/laurbedigital.com.ar\/noticias\/wp-json\/wp\/v2\/categories?post=78162"},{"taxonomy":"post_tag","embeddable":true,"href":"https:\/\/laurbedigital.com.ar\/noticias\/wp-json\/wp\/v2\/tags?post=78162"}],"curies":[{"name":"wp","href":"https:\/\/api.w.org\/{rel}","templated":true}]}}