{"id":78151,"date":"2023-06-25T00:08:42","date_gmt":"2023-06-25T03:08:42","guid":{"rendered":"https:\/\/laurbedigital.com.ar\/noticias\/?p=78151"},"modified":"2024-06-24T20:42:46","modified_gmt":"2024-06-24T23:42:46","slug":"efemerides-de-hoy-que-paso-un-25-de-junio","status":"publish","type":"post","link":"https:\/\/laurbedigital.com.ar\/noticias\/2023\/06\/25\/efemerides-de-hoy-que-paso-un-25-de-junio\/","title":{"rendered":"Efem\u00e9rides de hoy: qu\u00e9 pas\u00f3 un 25 de junio"},"content":{"rendered":"<h6>En las\u00a0<b>efem\u00e9rides del 25 de junio\u00a0<\/b>sobresalen estos hechos que un d\u00eda como hoy ocurrieron en la Argentina y el mundo.<\/h6>\n<p><strong>1940<\/strong>\u00a0&#8211; CLAUDIA LAPAC\u00d3. Nace en Buenos Aires la actriz, cantante y bailarina Claudia Lapac\u00f3, ganadora de cuatro premios Mart\u00edn Fierro a lo largo de una carrera en la que trabaj\u00f3 en 14 pel\u00edculas y 40 programas de televisi\u00f3n.<\/p>\n<p><strong>1947<\/strong>\u00a0&#8211; LA CASA DE ATR\u00c1S. Con una primera edici\u00f3n de 3.000 ejemplares, se publica en Amsterdam el Diario de Ana Frank, obra de la adolescente jud\u00eda que relata las penurias sufridas a manos del nazismo cuando debi\u00f3 refugiarse con su familia en un ambiente oculto en la casa de unos amigos en esa ciudad neerlandesa. Ana muri\u00f3 a la edad de 15 a\u00f1os en un campo de concentraci\u00f3n nazi.<\/p>\n<p><strong>1950<\/strong>\u00a0&#8211; GUERRA DE COREA. Se desata la guerra entre Corea del Sur y la comunista Rep\u00fablica Democr\u00e1tica de Corea, en el norte de la pen\u00ednsula hom\u00f3nima, conflicto que en forma indirecta enfrent\u00f3 a Estados Unidos y otros pa\u00edses occidentales con China y la Uni\u00f3n de Rep\u00fablicas Socialistas Sovi\u00e9ticas casi cinco a\u00f1os despu\u00e9s de la II Guerra Mundial.<\/p>\n<p><strong>1972<\/strong>\u00a0&#8211; RICARDO BOCHINI. Debuta en la Primera Divisi\u00f3n de Independiente, a la edad de 18 a\u00f1os, el mediocampista ofensivo Ricardo Bochini, una de las grandes figuras del f\u00fatbol argentino e \u00eddolo del club \u201crojo\u201d. Fue a los 74 minutos del partido en el estadio Monumental\u00a0 que River Plate gan\u00f3 1-0 a Independiente. El \u201cBocha\u201d marc\u00f3 108 goles en su carrera de\u00a0 714 partidos con la camiseta del equipo de Avellaneda.<\/p>\n<p><strong>1978<\/strong>&#8211;\u00a0 ARGENTINA CAMPE\u00d3N. La selecci\u00f3n argentina gana su primer campeonato mundial al vencer por 3-1 a Holanda en el estadio Monumental de Buenos Aires, con dos goles de Mario Kempes y uno de Daniel Bertoni. Dik Nanninga descont\u00f3 para los neerlandeses. Kempes fue el goleador y ganador de la Bota de Oro del Mundial de Argentina \u201878, en la que anot\u00f3 seis tantos.<\/p>\n<p><strong>1994<\/strong>\u00a0&#8211; DIEGO A. MARADONA. Argentina vence a Nigeria por 2-1 por la fase de grupos del Mundial de EEUU 1994, el \u00faltimo partido de Diego Maradona con la camiseta albiceleste. Una enfermera acompa\u00f1\u00f3 a Maradona a un control antidopaje que result\u00f3 ser positivo y deriv\u00f3 en la suspensi\u00f3n del astro del f\u00fatbol. \u201cMe cortaron las piernas\u201d, dijo al negar haber consumido drogas.<\/p>\n<p><strong>1997<\/strong>\u00a0&#8211; JACQUES COUSTEAU. A la edad de 87 a\u00f1os muere en Par\u00eds el oficial naval e investigador cient\u00edfico franc\u00e9s Jacques Cousteau, uno de los m\u00e1s c\u00e9lebres divulgadores del mundo submarino y promotor de la protecci\u00f3n del ambiente y los recursos del mar. Recorri\u00f3 el mundo con su barco oceanogr\u00e1fico Calypso.<\/p>\n<p><strong>2015<\/strong>\u00a0&#8211; ALEJANDRO ROMAY. A sus 88 a\u00f1os muere en Buenos Aires el locutor y empresario teatral y de medios de comunicaci\u00f3n Alejandro Romay (Alejandro Argentino Sa\u00fal), apodado el\u00a0 \u00abzar de la televisi\u00f3n\u00bb por su exitosa gesti\u00f3n en el Canal 9 de Buenos Aires.<\/p>\n<p>&nbsp;<\/p>\n<p>&nbsp;<\/p>\n","protected":false},"excerpt":{"rendered":"<p>En las\u00a0efem\u00e9rides del 25 de junio\u00a0sobresalen estos hechos que un d\u00eda como hoy ocurrieron en la Argentina y el mundo.<\/p>\n","protected":false},"author":1,"featured_media":78144,"comment_status":"closed","ping_status":"closed","sticky":false,"template":"","format":"standard","meta":{"kia_subtitle":"","footnotes":"","jetpack_publicize_message":"Efem\u00e9rides de hoy: qu\u00e9 pas\u00f3 un 25 de junio","jetpack_publicize_feature_enabled":true,"jetpack_social_post_already_shared":true,"jetpack_social_options":{"image_generator_settings":{"template":"highway","default_image_id":0,"font":"","enabled":false},"version":2}},"categories":[5,2594],"tags":[],"class_list":["post-78151","post","type-post","status-publish","format-standard","has-post-thumbnail","hentry","category-cultura","category-efemerides"],"jetpack_publicize_connections":[],"jetpack_featured_media_url":"https:\/\/laurbedigital.com.ar\/noticias\/wp-content\/uploads\/2022\/06\/20220624-Efemerides-Argentina-1978.jpg","_links":{"self":[{"href":"https:\/\/laurbedigital.com.ar\/noticias\/wp-json\/wp\/v2\/posts\/78151","targetHints":{"allow":["GET"]}}],"collection":[{"href":"https:\/\/laurbedigital.com.ar\/noticias\/wp-json\/wp\/v2\/posts"}],"about":[{"href":"https:\/\/laurbedigital.com.ar\/noticias\/wp-json\/wp\/v2\/types\/post"}],"author":[{"embeddable":true,"href":"https:\/\/laurbedigital.com.ar\/noticias\/wp-json\/wp\/v2\/users\/1"}],"replies":[{"embeddable":true,"href":"https:\/\/laurbedigital.com.ar\/noticias\/wp-json\/wp\/v2\/comments?post=78151"}],"version-history":[{"count":5,"href":"https:\/\/laurbedigital.com.ar\/noticias\/wp-json\/wp\/v2\/posts\/78151\/revisions"}],"predecessor-version":[{"id":106330,"href":"https:\/\/laurbedigital.com.ar\/noticias\/wp-json\/wp\/v2\/posts\/78151\/revisions\/106330"}],"wp:featuredmedia":[{"embeddable":true,"href":"https:\/\/laurbedigital.com.ar\/noticias\/wp-json\/wp\/v2\/media\/78144"}],"wp:attachment":[{"href":"https:\/\/laurbedigital.com.ar\/noticias\/wp-json\/wp\/v2\/media?parent=78151"}],"wp:term":[{"taxonomy":"category","embeddable":true,"href":"https:\/\/laurbedigital.com.ar\/noticias\/wp-json\/wp\/v2\/categories?post=78151"},{"taxonomy":"post_tag","embeddable":true,"href":"https:\/\/laurbedigital.com.ar\/noticias\/wp-json\/wp\/v2\/tags?post=78151"}],"curies":[{"name":"wp","href":"https:\/\/api.w.org\/{rel}","templated":true}]}}