{"id":78129,"date":"2022-06-24T08:00:58","date_gmt":"2022-06-24T11:00:58","guid":{"rendered":"https:\/\/laurbedigital.com.ar\/noticias\/?p=78129"},"modified":"2022-06-23T21:03:50","modified_gmt":"2022-06-24T00:03:50","slug":"la-tasa-de-desocupacion-del-primer-trimestre-fue-del-7","status":"publish","type":"post","link":"https:\/\/laurbedigital.com.ar\/noticias\/2022\/06\/24\/la-tasa-de-desocupacion-del-primer-trimestre-fue-del-7\/","title":{"rendered":"La tasa de desocupaci\u00f3n del primer trimestre fue del 7%"},"content":{"rendered":"<p>&nbsp;<\/p>\n<h5><strong>La tasa de desocupaci\u00f3n se ubic\u00f3 en el 7% al cierre del primer trimestre del a\u00f1o, con una merma de 3,2 puntos porcentuales respecto al 10,2 %<\/strong>\u00a0de igual periodo del 2021, inform\u00f3 este jueves el Instituto Nacional de Estad\u00edstica y Censos (Indec).<\/h5>\n<p>Respecto al \u00faltimo trimestre de 2021, la tasa de desocupaci\u00f3n se mantuvo en su nivel.\u00a0<strong>El Indec precis\u00f3 adem\u00e1s que en el primer trimestre de 2022, la tasa de actividad se ubic\u00f3 en 46,5%, con un crecimiento 0,2 puntos porcentuales en la comparaci\u00f3n interanual.<\/strong><\/p>\n<p>En tanto, la tasa de empleo fue del 43,3%, un porcentaje considerado r\u00e9cord para un primer trimestre del a\u00f1o desde el inicio de la serie, en 2016. En la comparaci\u00f3n interanual,<strong>\u00a0la tasa de empleo mostr\u00f3 un crecimiento de 1,7 puntos porcentual, mientras que en el cotejo trimestral marc\u00f3 una leve ca\u00edda de 0,3 puntos porcentuales.<\/strong><\/p>\n<p>En lo que respecta al desempleo, el Indec detall\u00f3 que en el primer trimestre tambi\u00e9n baj\u00f3 la tasa de desocupados demandantes,\u00a0<strong>al 6,9% contra el 8,7% de enero-marzo del 2021 y frente al 8,6% de octubre-diciembre del 2021.<\/strong><\/p>\n<p>\u201cEsto demuestra que existe una mayor demanda de horas para trabajar\u201d, se\u00f1alaron desde el Ministerio de Econom\u00eda luego de que la dependencia estad\u00edstica diera a conocer los n\u00fameros.<\/p>\n<p>En tanto<strong>, los subocupados no demandantes, es decir aquellos que trabajan menos de 35 horas semanales y no quieren m\u00e1s carga horaria, se mantuvieron en 3,1%, frente al 3,2% de enero-marzo del a\u00f1o pasado y 3,5% del \u00faltimo trimestre del 2021.<\/strong><\/p>\n<p>Esta baja de la tasa de desocupaci\u00f3n del 10,2% en el a\u00f1o pasado al 7% de este a\u00f1o se dio en el marco de un crecimiento del 6% del Producto Bruto Interno (PBI), mientras que la econom\u00eda del trimestre enero-marzo estuvo 0,9% por encima de la de octubre-diciembre.<\/p>\n","protected":false},"excerpt":{"rendered":"<p>&nbsp; La tasa de desocupaci\u00f3n se ubic\u00f3 en el 7% al cierre del primer trimestre del a\u00f1o, con una merma<\/p>\n","protected":false},"author":1,"featured_media":78130,"comment_status":"closed","ping_status":"closed","sticky":false,"template":"","format":"standard","meta":{"kia_subtitle":"","footnotes":"","jetpack_publicize_message":"La tasa de desocupaci\u00f3n del primer trimestre fue del 7%","jetpack_publicize_feature_enabled":true,"jetpack_social_post_already_shared":true,"jetpack_social_options":{"image_generator_settings":{"template":"highway","default_image_id":0,"font":"","enabled":false},"version":2}},"categories":[3,41],"tags":[],"class_list":["post-78129","post","type-post","status-publish","format-standard","has-post-thumbnail","hentry","category-actualidad","category-nacionales"],"jetpack_publicize_connections":[],"jetpack_featured_media_url":"https:\/\/laurbedigital.com.ar\/noticias\/wp-content\/uploads\/2022\/06\/20220624-Empleo.jpg","_links":{"self":[{"href":"https:\/\/laurbedigital.com.ar\/noticias\/wp-json\/wp\/v2\/posts\/78129","targetHints":{"allow":["GET"]}}],"collection":[{"href":"https:\/\/laurbedigital.com.ar\/noticias\/wp-json\/wp\/v2\/posts"}],"about":[{"href":"https:\/\/laurbedigital.com.ar\/noticias\/wp-json\/wp\/v2\/types\/post"}],"author":[{"embeddable":true,"href":"https:\/\/laurbedigital.com.ar\/noticias\/wp-json\/wp\/v2\/users\/1"}],"replies":[{"embeddable":true,"href":"https:\/\/laurbedigital.com.ar\/noticias\/wp-json\/wp\/v2\/comments?post=78129"}],"version-history":[{"count":2,"href":"https:\/\/laurbedigital.com.ar\/noticias\/wp-json\/wp\/v2\/posts\/78129\/revisions"}],"predecessor-version":[{"id":78132,"href":"https:\/\/laurbedigital.com.ar\/noticias\/wp-json\/wp\/v2\/posts\/78129\/revisions\/78132"}],"wp:featuredmedia":[{"embeddable":true,"href":"https:\/\/laurbedigital.com.ar\/noticias\/wp-json\/wp\/v2\/media\/78130"}],"wp:attachment":[{"href":"https:\/\/laurbedigital.com.ar\/noticias\/wp-json\/wp\/v2\/media?parent=78129"}],"wp:term":[{"taxonomy":"category","embeddable":true,"href":"https:\/\/laurbedigital.com.ar\/noticias\/wp-json\/wp\/v2\/categories?post=78129"},{"taxonomy":"post_tag","embeddable":true,"href":"https:\/\/laurbedigital.com.ar\/noticias\/wp-json\/wp\/v2\/tags?post=78129"}],"curies":[{"name":"wp","href":"https:\/\/api.w.org\/{rel}","templated":true}]}}