{"id":78013,"date":"2022-06-22T11:20:23","date_gmt":"2022-06-22T14:20:23","guid":{"rendered":"https:\/\/laurbedigital.com.ar\/noticias\/?p=78013"},"modified":"2022-06-22T11:22:23","modified_gmt":"2022-06-22T14:22:23","slug":"la-justicia-de-faltas-de-almirante-brown-impone-millonarias-multas-a-edesur","status":"publish","type":"post","link":"https:\/\/laurbedigital.com.ar\/noticias\/2022\/06\/22\/la-justicia-de-faltas-de-almirante-brown-impone-millonarias-multas-a-edesur\/","title":{"rendered":"La Justicia de faltas de Almirante Brown impone millonarias multas a Edesur"},"content":{"rendered":"<h5 dir=\"ltr\"><\/h5>\n<h5 dir=\"ltr\">El Municipio de Almirante Brown, a trav\u00e9s de la Oficina de Defensa del Consumidor y del Tribunal de Faltas, impone millonarias multas a la empresa Edesur en defensa de los vecinos y vecinas del distrito ante las reiteradas deficiencias en la prestaci\u00f3n del servicio el\u00e9ctrico.<\/h5>\n<p dir=\"ltr\">En este sentido, la Comuna browniana ya denunci\u00f3 administrativamente, judicialmente y ante el ENRE a la prestadora privada al tiempo que inform\u00f3 que desde la oficina local de Defensa del Consumidor se est\u00e1 asesorando y acompa\u00f1ando a la comunidad damnificada por el deficiente servicio de la empresa.<\/p>\n<p>Este importante accionar permiti\u00f3 incluso que en las \u00faltimas semanas la empresa Edesur pague una multa millonaria a cientos de vecinos y vecinas de la localidad de San Jos\u00e9 que denunciaron falencias en el servicio, que fueron desde cortes de luz, hasta baja tensi\u00f3n y quema de artefactos.<\/p>\n<p><img loading=\"lazy\" decoding=\"async\" class=\"alignnone size-full wp-image-78016\" src=\"https:\/\/laurbedigital.com.ar\/noticias\/wp-content\/uploads\/2022\/06\/Edesur-3.jpg\" alt=\"\" width=\"750\" height=\"516\" title=\"\" srcset=\"https:\/\/laurbedigital.com.ar\/noticias\/wp-content\/uploads\/2022\/06\/Edesur-3.jpg 750w, https:\/\/laurbedigital.com.ar\/noticias\/wp-content\/uploads\/2022\/06\/Edesur-3-300x206.jpg 300w, https:\/\/laurbedigital.com.ar\/noticias\/wp-content\/uploads\/2022\/06\/Edesur-3-130x90.jpg 130w\" sizes=\"auto, (max-width: 750px) 100vw, 750px\" \/><\/p>\n<p><strong>\u201cAtentos a las grandes falencias de Edesur y el enorme perjuicio hacia nuestros vecinos y vecinas que est\u00e1n padeciendo fuertemente los cortes de luz, desde la oficina de Defensa del Consumidor que pusimos en marcha en 2015 estamos reclamando a la prestadora privada por cada interrupci\u00f3n en el suministro y cada caso de baja tensi\u00f3n\u201d, indic\u00f3 Mariano Cascallares.<\/strong><\/p>\n<p><strong>En esa l\u00ednea se expres\u00f3 tambi\u00e9n el intendente interino de Almirante Brown, Juan Fabiani, quien remarc\u00f3 que \u201cadem\u00e1s del asesoramiento a los vecinos y el acompa\u00f1amiento, se realizan fuertes intimaciones a la empresa para que redit\u00fae a los damnificados por da\u00f1o directo y resuelva las interrupciones y fallas en el suministro\u201d.<\/strong><\/p>\n<p><strong>Finalmente, el presidente del Tribunal de Faltas browniano, Gustavo Cassieri, inst\u00f3 a los vecinos y vecinas a que \u201cse acerquen a la oficina de Defensa al Consumidor, ya sea de forma presencial o virtual, para seguir avanzando con las cientas de sanciones a la empresa para que brinden una respuesta en el servicio y tambi\u00e9n econ\u00f3mica en el menor tiempo posible\u201d.<\/strong><\/p>\n<p dir=\"ltr\"><img loading=\"lazy\" decoding=\"async\" class=\"alignnone size-large wp-image-78015\" src=\"https:\/\/laurbedigital.com.ar\/noticias\/wp-content\/uploads\/2022\/06\/Edesur-2-1024x685.jpg\" alt=\"\" width=\"800\" height=\"535\" title=\"\" srcset=\"https:\/\/laurbedigital.com.ar\/noticias\/wp-content\/uploads\/2022\/06\/Edesur-2-1024x685.jpg 1024w, https:\/\/laurbedigital.com.ar\/noticias\/wp-content\/uploads\/2022\/06\/Edesur-2-300x201.jpg 300w, https:\/\/laurbedigital.com.ar\/noticias\/wp-content\/uploads\/2022\/06\/Edesur-2-768x514.jpg 768w, https:\/\/laurbedigital.com.ar\/noticias\/wp-content\/uploads\/2022\/06\/Edesur-2-1536x1027.jpg 1536w, https:\/\/laurbedigital.com.ar\/noticias\/wp-content\/uploads\/2022\/06\/Edesur-2.jpg 1600w\" sizes=\"auto, (max-width: 800px) 100vw, 800px\" \/><\/p>\n<h5 dir=\"ltr\"><b>C\u00f3mo denunciar<\/b><\/h5>\n<p dir=\"ltr\">Los vecinos y vecinas que tengan inconvenientes con la prestaci\u00f3n del servicio pueden realizar la denuncia ante Defensa al Consumidor de forma presencial en Rosales N\u00b03112, primer piso, o virtual a trav\u00e9s de la p\u00e1gina <a href=\"https:\/\/almirantebrown.gov.ar\/defensadelconsumidor\/\" target=\"_blank\" rel=\"nofollow noopener\" data-saferedirecturl=\"https:\/\/www.google.com\/url?q=https:\/\/almirantebrown.gov.ar\/defensadelconsumidor\/&amp;source=gmail&amp;ust=1655993097328000&amp;usg=AOvVaw3tXDVFVlZJH1AH8RuzABAb\">https:\/\/almirantebrown.gov.ar\/<wbr \/>defensadelconsumidor\/<\/a>.<\/p>\n<p>En ambos casos hay que completar una serie de datos personales, presentar una factura del servicio y explicitar el problema acontecido, ya sea por falta de luz, interrupciones en el servicio, baja tensi\u00f3n o quema de artefactos electr\u00f3nicos.<\/p>\n<p>Posteriormente, la oficina de Defensa al Consumidor del Municipio de Almirante Brown se hace cargo de llevar adelante la medida durante el proceso judicial.<\/p>\n<p>La oficina de Defensa al Consumidor brinda su atenci\u00f3n de lunes a viernes de 8 a 14, y tambi\u00e9n est\u00e1 disponible en esos mismos d\u00edas y horarios para evacuar dudas la l\u00ednea telef\u00f3nica 5034-6200 internos 211 \/ 212 \/ 213 y el email <a href=\"mailto:defensaconsumidor@brown.gob.ar\" target=\"_blank\" rel=\"nofollow noopener\">defensaconsumidor@brown.gob.ar<\/a><wbr \/>.<\/p>\n<p dir=\"ltr\">\n","protected":false},"excerpt":{"rendered":"<p>El Municipio de Almirante Brown, a trav\u00e9s de la Oficina de Defensa del Consumidor y del Tribunal de Faltas, impone<\/p>\n","protected":false},"author":1,"featured_media":78014,"comment_status":"closed","ping_status":"closed","sticky":false,"template":"","format":"standard","meta":{"kia_subtitle":"","footnotes":"","jetpack_publicize_message":"La Justicia de faltas de Almirante Brown impone millonarias multas a Edesur","jetpack_publicize_feature_enabled":true,"jetpack_social_post_already_shared":true,"jetpack_social_options":{"image_generator_settings":{"template":"highway","default_image_id":0,"font":"","enabled":false},"version":2}},"categories":[2,33],"tags":[],"class_list":["post-78013","post","type-post","status-publish","format-standard","has-post-thumbnail","hentry","category-alte-brown","category-alte-brown-alte-brown"],"jetpack_publicize_connections":[],"jetpack_featured_media_url":"https:\/\/laurbedigital.com.ar\/noticias\/wp-content\/uploads\/2022\/06\/20220622-Brown-Edesur.jpg","_links":{"self":[{"href":"https:\/\/laurbedigital.com.ar\/noticias\/wp-json\/wp\/v2\/posts\/78013","targetHints":{"allow":["GET"]}}],"collection":[{"href":"https:\/\/laurbedigital.com.ar\/noticias\/wp-json\/wp\/v2\/posts"}],"about":[{"href":"https:\/\/laurbedigital.com.ar\/noticias\/wp-json\/wp\/v2\/types\/post"}],"author":[{"embeddable":true,"href":"https:\/\/laurbedigital.com.ar\/noticias\/wp-json\/wp\/v2\/users\/1"}],"replies":[{"embeddable":true,"href":"https:\/\/laurbedigital.com.ar\/noticias\/wp-json\/wp\/v2\/comments?post=78013"}],"version-history":[{"count":3,"href":"https:\/\/laurbedigital.com.ar\/noticias\/wp-json\/wp\/v2\/posts\/78013\/revisions"}],"predecessor-version":[{"id":78019,"href":"https:\/\/laurbedigital.com.ar\/noticias\/wp-json\/wp\/v2\/posts\/78013\/revisions\/78019"}],"wp:featuredmedia":[{"embeddable":true,"href":"https:\/\/laurbedigital.com.ar\/noticias\/wp-json\/wp\/v2\/media\/78014"}],"wp:attachment":[{"href":"https:\/\/laurbedigital.com.ar\/noticias\/wp-json\/wp\/v2\/media?parent=78013"}],"wp:term":[{"taxonomy":"category","embeddable":true,"href":"https:\/\/laurbedigital.com.ar\/noticias\/wp-json\/wp\/v2\/categories?post=78013"},{"taxonomy":"post_tag","embeddable":true,"href":"https:\/\/laurbedigital.com.ar\/noticias\/wp-json\/wp\/v2\/tags?post=78013"}],"curies":[{"name":"wp","href":"https:\/\/api.w.org\/{rel}","templated":true}]}}