{"id":77991,"date":"2022-06-22T07:34:44","date_gmt":"2022-06-22T10:34:44","guid":{"rendered":"https:\/\/laurbedigital.com.ar\/noticias\/?p=77991"},"modified":"2022-06-21T20:39:21","modified_gmt":"2022-06-21T23:39:21","slug":"la-provincia-comienza-a-debatir-el-nuevo-regimen-academico-de-las-escuelas-secundarias","status":"publish","type":"post","link":"https:\/\/laurbedigital.com.ar\/noticias\/2022\/06\/22\/la-provincia-comienza-a-debatir-el-nuevo-regimen-academico-de-las-escuelas-secundarias\/","title":{"rendered":"La provincia comienza a debatir el nuevo r\u00e9gimen acad\u00e9mico de las escuelas secundarias"},"content":{"rendered":"<p>&nbsp;<\/p>\n<h5><strong>Bajo la premisa \u201cLa escuela hace pedagog\u00eda\u201d,<\/strong> se realizar\u00e1n 92 reuniones en los distintos distritos escolares con conversaciones pedag\u00f3gicas entre miles de directoras y directores, docentes y especialistas.<\/h5>\n<p>Especialistas, directores y directoras de las escuelas secundarias p\u00fablicas y privadas de toda la provincia de Buenos Aires comenzar\u00e1n a debatir un nuevo r\u00e9gimen acad\u00e9mico, con el objetivo de \u201cacompa\u00f1ar y mejorar las trayectorias educativas\u201d de los alumnos y alumnas.<\/p>\n<p>Se trata de la primera parte del ciclo de conversaciones organizado por la Direcci\u00f3n Provincial de Educaci\u00f3n Secundaria de la provincia de Buenos Aires, bajo la premisa \u201cLa escuela hace pedagog\u00eda\u201d, que comienza hoy en General Rodr\u00edguez y tendr\u00e1 una segunda etapa en el mes de agosto.<\/p>\n<p>Durante dos semanas, se realizar\u00e1n 92 reuniones en los distintos distritos escolares con conversaciones pedag\u00f3gicas entre miles de directoras y directores, docentes y especialistas, para definir un nuevo r\u00e9gimen en las secundarias bonaerenses de cara al a\u00f1o pr\u00f3ximo.<\/p>\n<p><strong>\u201cLa idea es debatir la organizaci\u00f3n de la escuela secundaria para avanzar en la escritura de un nuevo r\u00e9gimen acad\u00e9mico, con un debate que promueve espacios de encuentro para recuperar la riqueza de los saberes pedag\u00f3gicos\u201d,<\/strong> explic\u00f3 el Director Provincial de Educaci\u00f3n Secundaria de la Provincia de Buenos Aires, Gustavo Galli, en di\u00e1logo con t\u00e9lam.<\/p>\n<p>Adem\u00e1s, el funcionario provincial defini\u00f3 al r\u00e9gimen acad\u00e9mico \u201ccomo el que regula y organiza la vida cotidiana de la vida secundaria en relaci\u00f3n, por ejemplo la convivencia, la asistencia o el sistema de evaluaciones y aprobaci\u00f3n de las materias\u201d.<\/p>\n<p>Record\u00f3 que el r\u00e9gimen acad\u00e9mico vigente es el que se aprob\u00f3 en el a\u00f1o 2011, por lo que destac\u00f3 la necesidad de una actualizaci\u00f3n que incluya la experiencia de estos a\u00f1os, incluidos los dos de pandemia de coronavirus en los que se afectaron los habituales canales de ense\u00f1anza.<\/p>\n<p>\u201cHay que tomar la experiencia de estos a\u00f1os y pensar qu\u00e9 escuela secundaria hoy necesitan los chicos y chicas\u201d, puntualiz\u00f3.<\/p>\n<p>Y, en ese sentido, agreg\u00f3: <strong>\u201cEl r\u00e9gimen que hoy est\u00e1 rigiendo es un r\u00e9gimen que necesitamos revisar, poner en debate, pero a su vez la pandemia nos trajo nuevas formas de pensar la organizaci\u00f3n de la escuela, de pensar la ense\u00f1anza y la evaluaci\u00f3n, que tenemos la obligaci\u00f3n de atender, escuchar y poner en valor\u201d.<\/strong><\/p>\n<p>Asimismo, Galli dijo que, con la llegada de la Covid-19, el r\u00e9gimen acad\u00e9mico \u201cqued\u00f3 en suspenso porque se aplicaron otras pautas de organizaci\u00f3n relacionadas al bienio 2020-2021\u201d.<\/p>\n<p>\u201cPara este a\u00f1o 2022 hicimos un documento que tiene que ver con pautas de evaluaci\u00f3n y con el compromiso de revisar el actual r\u00e9gimen acad\u00e9mico y alcanzar uno nuevo\u201d.<\/p>\n<p>De este ciclo de conversaciones participar\u00e1n casi 3.000 directores y directoras de escuelas secundarias bonaerenses; 100 inspectoras e inspectores; 80 directoras referentes de formaci\u00f3n docente permanente en 92 encuentros, cada uno de ellos con 35 directoras y directores en toda la provincia de Buenos Aires.<\/p>\n<p>Estar\u00e1 conducidos por inspectoras e inspectores junto a referentes territoriales de formaci\u00f3n permanente, quienes trabajar\u00e1n con grupos de entre 30 a 35 directivos de escuelas.<\/p>\n<p>\u201cRepensar el r\u00e9gimen acad\u00e9mico es una necesidad\u201d, sostuvo Galli, quien adem\u00e1s coment\u00f3 que el ciclo incluir\u00e1 las voces de los estudiantes convocados para el mes de septiembre.<\/p>\n","protected":false},"excerpt":{"rendered":"<p>&nbsp; Bajo la premisa \u201cLa escuela hace pedagog\u00eda\u201d, se realizar\u00e1n 92 reuniones en los distintos distritos escolares con conversaciones pedag\u00f3gicas<\/p>\n","protected":false},"author":1,"featured_media":77983,"comment_status":"closed","ping_status":"closed","sticky":false,"template":"","format":"standard","meta":{"kia_subtitle":"","footnotes":"","jetpack_publicize_message":"La provincia comienza a debatir el nuevo r\u00e9gimen acad\u00e9mico de las escuelas secundarias","jetpack_publicize_feature_enabled":true,"jetpack_social_post_already_shared":true,"jetpack_social_options":{"image_generator_settings":{"template":"highway","default_image_id":0,"font":"","enabled":false},"version":2}},"categories":[3,56],"tags":[],"class_list":["post-77991","post","type-post","status-publish","format-standard","has-post-thumbnail","hentry","category-actualidad","category-buenos-aires"],"jetpack_publicize_connections":[],"jetpack_featured_media_url":"https:\/\/laurbedigital.com.ar\/noticias\/wp-content\/uploads\/2022\/06\/20220622-Secundaria-e1655854719299.jpg","_links":{"self":[{"href":"https:\/\/laurbedigital.com.ar\/noticias\/wp-json\/wp\/v2\/posts\/77991","targetHints":{"allow":["GET"]}}],"collection":[{"href":"https:\/\/laurbedigital.com.ar\/noticias\/wp-json\/wp\/v2\/posts"}],"about":[{"href":"https:\/\/laurbedigital.com.ar\/noticias\/wp-json\/wp\/v2\/types\/post"}],"author":[{"embeddable":true,"href":"https:\/\/laurbedigital.com.ar\/noticias\/wp-json\/wp\/v2\/users\/1"}],"replies":[{"embeddable":true,"href":"https:\/\/laurbedigital.com.ar\/noticias\/wp-json\/wp\/v2\/comments?post=77991"}],"version-history":[{"count":2,"href":"https:\/\/laurbedigital.com.ar\/noticias\/wp-json\/wp\/v2\/posts\/77991\/revisions"}],"predecessor-version":[{"id":77993,"href":"https:\/\/laurbedigital.com.ar\/noticias\/wp-json\/wp\/v2\/posts\/77991\/revisions\/77993"}],"wp:featuredmedia":[{"embeddable":true,"href":"https:\/\/laurbedigital.com.ar\/noticias\/wp-json\/wp\/v2\/media\/77983"}],"wp:attachment":[{"href":"https:\/\/laurbedigital.com.ar\/noticias\/wp-json\/wp\/v2\/media?parent=77991"}],"wp:term":[{"taxonomy":"category","embeddable":true,"href":"https:\/\/laurbedigital.com.ar\/noticias\/wp-json\/wp\/v2\/categories?post=77991"},{"taxonomy":"post_tag","embeddable":true,"href":"https:\/\/laurbedigital.com.ar\/noticias\/wp-json\/wp\/v2\/tags?post=77991"}],"curies":[{"name":"wp","href":"https:\/\/api.w.org\/{rel}","templated":true}]}}