{"id":77909,"date":"2022-06-20T20:01:13","date_gmt":"2022-06-20T23:01:13","guid":{"rendered":"https:\/\/laurbedigital.com.ar\/noticias\/?p=77909"},"modified":"2022-06-20T20:01:13","modified_gmt":"2022-06-20T23:01:13","slug":"alberto-fernandez-argentina-no-es-ese-pais-sin-destino-que-algunos-quieren-plantearnos","status":"publish","type":"post","link":"https:\/\/laurbedigital.com.ar\/noticias\/2022\/06\/20\/alberto-fernandez-argentina-no-es-ese-pais-sin-destino-que-algunos-quieren-plantearnos\/","title":{"rendered":"Alberto Fern\u00e1ndez: \u00abArgentina no es ese pa\u00eds sin destino que algunos quieren plantearnos\u00bb"},"content":{"rendered":"<p>&nbsp;<\/p>\n<h5 class=\"excerpt\">El presidente Alberto Fern\u00e1ndez encabez\u00f3 este lunes el acto de Promesa de Lealtad a la Bandera en el CCK.<\/h5>\n<p class=\"excerpt\">El presidente Alberto Fern\u00e1ndez encabez\u00f3 el acto de Promesa de Lealtad a la Bandera en el Centro Cultural Kirchner (CCK) con m\u00e1s de dos mil estudiantes de cuarto grado.<\/p>\n<p>\u00abVamos a ponernos de pie una vez m\u00e1s, por ustedes, para que tengan de una vez y para siempre la patria que se merecen\u00bb, dijo al dirigirse a los 2.000 alumnos que hicieron el juramento a la Bandera, y complet\u00f3 su mensaje: \u00abPrep\u00e1rense para un ma\u00f1ana mejor\u00bb.<\/p>\n<p>Fern\u00e1ndez sostuvo que esta conmemoraci\u00f3n \u00abest\u00e1 vinculada al d\u00eda en que nos dej\u00f3 Manuel Belgrano\u00bb, el creador de la insignia nacional, a quien defini\u00f3 como un \u00abhombre singular\u00bb.<\/p>\n<p>Fern\u00e1ndez se\u00f1al\u00f3 que la trascendencia de Belgrano es \u00abs\u00f3lo equiparable a Jos\u00e9 de San Mart\u00edn y Mart\u00edn Miguel de G\u00fcemes, que fueron hombres que dieron todo para que hoy seamos un pa\u00eds libre e independiente\u00bb.<\/p>\n<p>Tambi\u00e9n rememor\u00f3 que\u00a0Belgrano \u00abestaba convencido de que en la educaci\u00f3n radicaba el futuro del desarrollo de nuestra patria\u00bb.<\/p>\n<p>\u00abQue hoy conmemoremos la figura de Belgrano es algo que deber\u00edamos hacer hoy y todos los d\u00edas, porque estos h\u00e9roes que la patria tuvo son el ejemplo que debemos seguir en tiempos de mucha incertidumbre que vivi\u00f3 el mundo\u00bb, enfatiz\u00f3, en referencia a la pandemia de coronavirus.<\/p>\n<p><iframe loading=\"lazy\" title=\"El presidente Alberto Fern\u00e1ndez encabez\u00f3 el acto de Promesa de Lealtad a la Bandera en el CCK.\" src=\"https:\/\/www.youtube.com\/embed\/otEWSpNhQyk\" width=\"696\" height=\"392\" frameborder=\"0\" allowfullscreen=\"allowfullscreen\"><\/iframe><\/p>\n<p>&nbsp;<\/p>\n","protected":false},"excerpt":{"rendered":"<p>&nbsp; El presidente Alberto Fern\u00e1ndez encabez\u00f3 este lunes el acto de Promesa de Lealtad a la Bandera en el CCK.<\/p>\n","protected":false},"author":1,"featured_media":77910,"comment_status":"closed","ping_status":"closed","sticky":false,"template":"","format":"standard","meta":{"kia_subtitle":"","footnotes":"","jetpack_publicize_message":"Alberto Fern\u00e1ndez: \"Argentina no es ese pa\u00eds sin destino que algunos quieren plantearnos\"","jetpack_publicize_feature_enabled":true,"jetpack_social_post_already_shared":true,"jetpack_social_options":{"image_generator_settings":{"template":"highway","default_image_id":0,"font":"","enabled":false},"version":2}},"categories":[3,41],"tags":[],"class_list":["post-77909","post","type-post","status-publish","format-standard","has-post-thumbnail","hentry","category-actualidad","category-nacionales"],"jetpack_publicize_connections":[],"jetpack_featured_media_url":"https:\/\/laurbedigital.com.ar\/noticias\/wp-content\/uploads\/2022\/06\/20220621-Alberto1.jpg","_links":{"self":[{"href":"https:\/\/laurbedigital.com.ar\/noticias\/wp-json\/wp\/v2\/posts\/77909","targetHints":{"allow":["GET"]}}],"collection":[{"href":"https:\/\/laurbedigital.com.ar\/noticias\/wp-json\/wp\/v2\/posts"}],"about":[{"href":"https:\/\/laurbedigital.com.ar\/noticias\/wp-json\/wp\/v2\/types\/post"}],"author":[{"embeddable":true,"href":"https:\/\/laurbedigital.com.ar\/noticias\/wp-json\/wp\/v2\/users\/1"}],"replies":[{"embeddable":true,"href":"https:\/\/laurbedigital.com.ar\/noticias\/wp-json\/wp\/v2\/comments?post=77909"}],"version-history":[{"count":2,"href":"https:\/\/laurbedigital.com.ar\/noticias\/wp-json\/wp\/v2\/posts\/77909\/revisions"}],"predecessor-version":[{"id":77918,"href":"https:\/\/laurbedigital.com.ar\/noticias\/wp-json\/wp\/v2\/posts\/77909\/revisions\/77918"}],"wp:featuredmedia":[{"embeddable":true,"href":"https:\/\/laurbedigital.com.ar\/noticias\/wp-json\/wp\/v2\/media\/77910"}],"wp:attachment":[{"href":"https:\/\/laurbedigital.com.ar\/noticias\/wp-json\/wp\/v2\/media?parent=77909"}],"wp:term":[{"taxonomy":"category","embeddable":true,"href":"https:\/\/laurbedigital.com.ar\/noticias\/wp-json\/wp\/v2\/categories?post=77909"},{"taxonomy":"post_tag","embeddable":true,"href":"https:\/\/laurbedigital.com.ar\/noticias\/wp-json\/wp\/v2\/tags?post=77909"}],"curies":[{"name":"wp","href":"https:\/\/api.w.org\/{rel}","templated":true}]}}