{"id":77784,"date":"2022-06-17T10:31:28","date_gmt":"2022-06-17T13:31:28","guid":{"rendered":"https:\/\/laurbedigital.com.ar\/noticias\/?p=77784"},"modified":"2022-06-17T10:32:03","modified_gmt":"2022-06-17T13:32:03","slug":"llega-la-sexta-edicion-de-la-feria-internacional-del-libro-de-almirante-brown","status":"publish","type":"post","link":"https:\/\/laurbedigital.com.ar\/noticias\/2022\/06\/17\/llega-la-sexta-edicion-de-la-feria-internacional-del-libro-de-almirante-brown\/","title":{"rendered":"Llega la sexta edici\u00f3n de la Feria Internacional del Libro de Almirante Brown"},"content":{"rendered":"<h5 dir=\"ltr\"><\/h5>\n<h5 dir=\"ltr\">El Municipio de Almirante Brown anunci\u00f3 la llegada de la 6\u00b0 edici\u00f3n de la Feria Internacional del Libro de Almirante Brown (FILAB) durante el jueves 23, viernes 24, s\u00e1bado 25 y domingo 26 de junio en la Plaza Brown, con una agenda repleta de actividades libres y gratuitas que incluir\u00e1 la presencia de personalidades destacadas de la cultura como Peter Capusotto, Felipe Pigna, V\u00edctor Hugo Morales, Alejandro Dolina y la presidenta de la Asociaci\u00f3n Abuelas de Plaza de Mayo, Estela de Carlotto.<\/h5>\n<p dir=\"ltr\">Adem\u00e1s en esta nueva edici\u00f3n del acontecimiento cultural y educativo regional m\u00e1s importante del a\u00f1o, estar\u00e1n presentes tambi\u00e9n Florencia Canale, Mauro Szeta, Ver\u00f3nica Parodi, Paulo Kablan, Paula Bombara, Daniel Balmaceda, Andrea Ferrari, Sandra Comino, y el Turco Garc\u00eda, entre otros 70 expositores y expositoras, junto al reconocido show de Paka Paka.<\/p>\n<p>Esta iniciativa, impulsada por la Secretar\u00eda de Educaci\u00f3n, Ciencia y Tecnolog\u00eda de Almirante Brown y realizada en articulaci\u00f3n con las distintas \u00e1reas de la Comuna, contar\u00e1 adem\u00e1s con una amplia variedad de propuestas editoriales, educativas y culturales entre las que se incluyen presentaciones de libros, firmas de ejemplares, charlas, talleres, conferencias, narraciones, competencias, y espect\u00e1culos art\u00edsticos para toda la familia.<\/p>\n<p><img loading=\"lazy\" decoding=\"async\" class=\"alignnone size-large wp-image-77786\" src=\"https:\/\/laurbedigital.com.ar\/noticias\/wp-content\/uploads\/2022\/06\/libro5-1024x683.jpg\" alt=\"\" width=\"800\" height=\"534\" title=\"\" srcset=\"https:\/\/laurbedigital.com.ar\/noticias\/wp-content\/uploads\/2022\/06\/libro5-1024x683.jpg 1024w, https:\/\/laurbedigital.com.ar\/noticias\/wp-content\/uploads\/2022\/06\/libro5-300x200.jpg 300w, https:\/\/laurbedigital.com.ar\/noticias\/wp-content\/uploads\/2022\/06\/libro5-768x512.jpg 768w, https:\/\/laurbedigital.com.ar\/noticias\/wp-content\/uploads\/2022\/06\/libro5-1536x1024.jpg 1536w, https:\/\/laurbedigital.com.ar\/noticias\/wp-content\/uploads\/2022\/06\/libro5.jpg 1600w\" sizes=\"auto, (max-width: 800px) 100vw, 800px\" \/><\/p>\n<p>Cabe destacar que la nueva edici\u00f3n de la Feria Internacional del Libro de Almirante Brown se llevar\u00e1 adelante en un moderno y amplio complejo de carpas instalado en la Plaza Brown, el cual est\u00e1 conformado por un sector con stands de libros de distintas editoriales y tambi\u00e9n auditorios espec\u00edficos para diversas actividades.<\/p>\n<p>Este a\u00f1o, los vecinos y vecinas encontrar\u00e1n el Auditorio Rodolfo Walsh, el Auditorio Amelia Lapeyri\u00e8re, el Auditorio Borges, el Auditorio Browncitos dedicado para la primera infancia, una Carpa Joven y otra carpa de Ciencias y Tecnolog\u00edas.<\/p>\n<p>Adem\u00e1s de la gran carpa central, en las inmediaciones habr\u00e1 tambi\u00e9n un espacio institucional con un simulador del Centro de Operaciones Municipal (COM), un espacio destinado al programa solidario \u00abCausa Com\u00fan\u00bb en el que se podr\u00e1n donar libros, dos planetarios, un Bibliom\u00f3vil, un puesto de turismo para hacer visitas guiadas y los tradicionales Food Trucks que ofrecer\u00e1n diversas propuestas gastron\u00f3micas el viernes, s\u00e1bado y domingo. Tambi\u00e9n dir\u00e1n \u00abpresente\u00bb los ex combatientes de Malvinas brownianos.<\/p>\n<p><strong>\u201cEstamos muy felices de llevar adelante una nueva edici\u00f3n de esta feria tan importante para Almirante Brown que ya se transform\u00f3 en todo un acontecimiento cultural y educativo para la regi\u00f3n. Por eso a partir del jueves 23 l@s esperamos para disfrutar de la cita de la cultura en nuestro distrito\u201d, indic\u00f3 Mariano Cascallares.<\/strong><\/p>\n<p><strong>En esa l\u00ednea se expres\u00f3 tambi\u00e9n el intendente interino de Almirante Brown, Juan Fabiani, quien invit\u00f3 a los \u201cvecinos y vecinas a que se acerquen a disfrutar de las distintas actividades, todas libres y gratuitas\u201d, al tiempo que anticip\u00f3 \u201cjornadas con grandes presencias y charlas magistrales\u201d.<\/strong><\/p>\n<p><img loading=\"lazy\" decoding=\"async\" class=\"alignnone size-large wp-image-77788\" src=\"https:\/\/laurbedigital.com.ar\/noticias\/wp-content\/uploads\/2022\/06\/libro14-1024x683.jpg\" alt=\"\" width=\"800\" height=\"534\" title=\"\" srcset=\"https:\/\/laurbedigital.com.ar\/noticias\/wp-content\/uploads\/2022\/06\/libro14-1024x683.jpg 1024w, https:\/\/laurbedigital.com.ar\/noticias\/wp-content\/uploads\/2022\/06\/libro14-300x200.jpg 300w, https:\/\/laurbedigital.com.ar\/noticias\/wp-content\/uploads\/2022\/06\/libro14-768x512.jpg 768w, https:\/\/laurbedigital.com.ar\/noticias\/wp-content\/uploads\/2022\/06\/libro14-1536x1024.jpg 1536w, https:\/\/laurbedigital.com.ar\/noticias\/wp-content\/uploads\/2022\/06\/libro14.jpg 1600w\" sizes=\"auto, (max-width: 800px) 100vw, 800px\" \/><\/p>\n<p>La est\u00e1 disponible v\u00eda web, a trav\u00e9s del sitio\u00a0<a href=\"https:\/\/www.educacion.brown.gob.ar\/feria-del-libro\" target=\"_blank\" rel=\"nofollow noopener\" data-saferedirecturl=\"https:\/\/www.google.com\/url?q=https:\/\/www.educacion.brown.gob.ar\/feria-del-libro&amp;source=gmail&amp;ust=1655558582894000&amp;usg=AOvVaw1Uh5zMe-4EXaUs6We-wQxw\">https:\/\/www.educacion.<wbr \/>brown.gob.ar\/feria-del-libro<\/a>\u00a0<wbr \/>donde los vecinos y vecinas podr\u00e1n seguir en tiempo real el cronograma de las diversas actividades. En el 40 aniversario de la gesta malvinera, el lema de esta nueva edici\u00f3n de la Feria del Libro es \u00abMalvinas Nos Une\u00bb.<\/p>\n<h4 dir=\"ltr\"><span style=\"font-family: Verdana, sans-serif;\"><b>Atracciones de la feria<\/b><\/span><\/h4>\n<p dir=\"ltr\">A partir de este jueves 23 de junio la 6\u00b0 edici\u00f3n de la Feria Internacional del Libro estar\u00e1 abierta a las delegaciones de todas las instituciones educativas brownianas y de la regi\u00f3n. En paralelo dar\u00e1 inicio la completa agenda de actividades y las atracciones con ingreso libre y gratuito para el p\u00fablico en general.<\/p>\n<p>Ese mismo d\u00eda, desde las 18 horas, el escritor e historiador Felipe Pigna presentar\u00e1 el libro \u201cBrown, una historia compartida\u201d, realizado en conjunto con vecinos y vecinas del distrito, y tambi\u00e9n a partir de las 19 horas se llevar\u00e1 adelante un conversatorio con el Claudio \u00abEl Turco\u00bb Garc\u00eda.<\/p>\n<p>El broche de oro de la jornada inaugural iniciar\u00e1 a las 20.30 horas con la presentaci\u00f3n de \u201cEl Lado C de Capusotto\u201d, un espect\u00e1culo protagonizado por el reconocido humorista argentino junto a la periodista Nancy Giampaolo.<\/p>\n<p>El viernes desde las 19 horas la escritora Florencia Canale presentar\u00e1 su libro \u00abPecadora\u00bb, en tanto que el cierre de la jornada estar\u00e1 a cargo de Daniel Balmaceda, a partir de las 20 horas, con la exposici\u00f3n de su libro \u201cGrandes historias de la cocina Argentina\u201d.<\/p>\n<p>El s\u00e1bado desde las 16 horas se presentar\u00e1 el libro \u00abTarareando con los pies descalzos\u00bb de la mano de Ver\u00f3nica y Emilia Parodi junto a Chiqui Ledesma; la presentaci\u00f3n del libro \u00abVictorias Populares\u00bb de Fernando Borroni desde las 19 horas, y un cierre a partir de las 20.30 horas de la mano de V\u00edctor Hugo Morales y Gustavo Campana sobre el libro \u00abMalvinas 1982: la Cuarta Guerra contra el Imperio Brit\u00e1nico\u00bb.<\/p>\n<p>Finalmente, el domingo se presentar\u00e1n Mauro Szeta y Paulo Kablan, quienes hablar\u00e1n de su libro \u00abRelatos Criminales\u00bb, y tambi\u00e9n Alejandro Dolina, quien grabar\u00e1 en vivo su programa \u00abLa Venganza ser\u00e1 terrible\u00bb junto con Patricio Barton, Jorge Dorio y El tr\u00edo sin nombre.<\/p>\n<p dir=\"ltr\">\n","protected":false},"excerpt":{"rendered":"<p>El Municipio de Almirante Brown anunci\u00f3 la llegada de la 6\u00b0 edici\u00f3n de la Feria Internacional del Libro de Almirante<\/p>\n","protected":false},"author":1,"featured_media":77785,"comment_status":"closed","ping_status":"closed","sticky":false,"template":"","format":"standard","meta":{"kia_subtitle":"","footnotes":"","jetpack_publicize_message":"Llega la sexta edici\u00f3n de la Feria Internacional del Libro de Almirante Brown","jetpack_publicize_feature_enabled":true,"jetpack_social_post_already_shared":true,"jetpack_social_options":{"image_generator_settings":{"template":"highway","default_image_id":0,"font":"","enabled":false},"version":2}},"categories":[2,51,33],"tags":[],"class_list":["post-77784","post","type-post","status-publish","format-standard","has-post-thumbnail","hentry","category-alte-brown","category-adrogue","category-alte-brown-alte-brown"],"jetpack_publicize_connections":[],"jetpack_featured_media_url":"https:\/\/laurbedigital.com.ar\/noticias\/wp-content\/uploads\/2022\/06\/20220617-Brown-libro.jpg","_links":{"self":[{"href":"https:\/\/laurbedigital.com.ar\/noticias\/wp-json\/wp\/v2\/posts\/77784","targetHints":{"allow":["GET"]}}],"collection":[{"href":"https:\/\/laurbedigital.com.ar\/noticias\/wp-json\/wp\/v2\/posts"}],"about":[{"href":"https:\/\/laurbedigital.com.ar\/noticias\/wp-json\/wp\/v2\/types\/post"}],"author":[{"embeddable":true,"href":"https:\/\/laurbedigital.com.ar\/noticias\/wp-json\/wp\/v2\/users\/1"}],"replies":[{"embeddable":true,"href":"https:\/\/laurbedigital.com.ar\/noticias\/wp-json\/wp\/v2\/comments?post=77784"}],"version-history":[{"count":3,"href":"https:\/\/laurbedigital.com.ar\/noticias\/wp-json\/wp\/v2\/posts\/77784\/revisions"}],"predecessor-version":[{"id":77792,"href":"https:\/\/laurbedigital.com.ar\/noticias\/wp-json\/wp\/v2\/posts\/77784\/revisions\/77792"}],"wp:featuredmedia":[{"embeddable":true,"href":"https:\/\/laurbedigital.com.ar\/noticias\/wp-json\/wp\/v2\/media\/77785"}],"wp:attachment":[{"href":"https:\/\/laurbedigital.com.ar\/noticias\/wp-json\/wp\/v2\/media?parent=77784"}],"wp:term":[{"taxonomy":"category","embeddable":true,"href":"https:\/\/laurbedigital.com.ar\/noticias\/wp-json\/wp\/v2\/categories?post=77784"},{"taxonomy":"post_tag","embeddable":true,"href":"https:\/\/laurbedigital.com.ar\/noticias\/wp-json\/wp\/v2\/tags?post=77784"}],"curies":[{"name":"wp","href":"https:\/\/api.w.org\/{rel}","templated":true}]}}