{"id":77758,"date":"2022-06-16T23:25:46","date_gmt":"2022-06-17T02:25:46","guid":{"rendered":"https:\/\/laurbedigital.com.ar\/noticias\/?p=77758"},"modified":"2022-06-16T21:28:28","modified_gmt":"2022-06-17T00:28:28","slug":"la-agrupacion-h-i-j-o-s-lanza-el-instituto-derechos-humanos-y-memoria","status":"publish","type":"post","link":"https:\/\/laurbedigital.com.ar\/noticias\/2022\/06\/16\/la-agrupacion-h-i-j-o-s-lanza-el-instituto-derechos-humanos-y-memoria\/","title":{"rendered":"La agrupaci\u00f3n H.I.J.O.S. lanza el Instituto Derechos Humanos y Memoria"},"content":{"rendered":"<p>&nbsp;<\/p>\n<h5>El nuevo instituto en Buenos Aires tendr\u00e1 como eje principal una educaci\u00f3n con enfoque de derechos humanos para \u00abestimular el pensamiento cr\u00edtico.<\/h5>\n<p>La agrupaci\u00f3n<strong>\u00a0H.I.J.O.S. Capital<\/strong>\u00a0presentar\u00e1 este jueves el\u00a0<strong>Instituto Derechos Humanos y Memoria (Idhum),<\/strong>\u00a0que buscar\u00e1 brindar una educaci\u00f3n con enfoque en la tem\u00e1tica a partir de propuestas curriculares y extracurriculares con el fin de \u00abestimular el pensamiento cr\u00edtico\u00bb.<\/p>\n<p>El espacio educativo ser\u00e1 presentado a las 16.30 en la Casa de la Militancia-Hijos, ubicada en el Espacio Memoria y Derechos Humanos dentro del predio de la ex ESMA, anunci\u00f3 la agrupaci\u00f3n en un comunicado.<\/p>\n<p>El nuevo instituto tendr\u00e1 como eje principal una educaci\u00f3n con enfoque de derechos humanos para \u00abestimular el pensamiento cr\u00edtico desde las concepciones epistemol\u00f3gicas, pedag\u00f3gicas y filos\u00f3ficas que promueven su defensa irrestricta\u00bb, detall\u00f3.<\/p>\n<p>El Idhum ser\u00e1\u00a0<strong>\u00abun espacio de integraci\u00f3n de diversas propuestas curriculares y extracurriculares\u00bb\u00a0<\/strong>que tendr\u00e1 como finalidad \u00abcontribuir a la conformaci\u00f3n de sociedades m\u00e1s justas e igualitarias, m\u00e1s inclusivas, equitativas y solidarias\u00bb, explic\u00f3.<\/p>\n","protected":false},"excerpt":{"rendered":"<p>&nbsp; El nuevo instituto en Buenos Aires tendr\u00e1 como eje principal una educaci\u00f3n con enfoque de derechos humanos para \u00abestimular<\/p>\n","protected":false},"author":1,"featured_media":77759,"comment_status":"closed","ping_status":"closed","sticky":false,"template":"","format":"standard","meta":{"kia_subtitle":"","footnotes":"","jetpack_publicize_message":"La agrupaci\u00f3n H.I.J.O.S. lanza el Instituto Derechos Humanos y Memoria","jetpack_publicize_feature_enabled":true,"jetpack_social_post_already_shared":true,"jetpack_social_options":{"image_generator_settings":{"template":"highway","default_image_id":0,"font":"","enabled":false},"version":2}},"categories":[3,41],"tags":[],"class_list":["post-77758","post","type-post","status-publish","format-standard","has-post-thumbnail","hentry","category-actualidad","category-nacionales"],"jetpack_publicize_connections":[],"jetpack_featured_media_url":"https:\/\/laurbedigital.com.ar\/noticias\/wp-content\/uploads\/2022\/06\/20220617-Hijos.jpg","_links":{"self":[{"href":"https:\/\/laurbedigital.com.ar\/noticias\/wp-json\/wp\/v2\/posts\/77758","targetHints":{"allow":["GET"]}}],"collection":[{"href":"https:\/\/laurbedigital.com.ar\/noticias\/wp-json\/wp\/v2\/posts"}],"about":[{"href":"https:\/\/laurbedigital.com.ar\/noticias\/wp-json\/wp\/v2\/types\/post"}],"author":[{"embeddable":true,"href":"https:\/\/laurbedigital.com.ar\/noticias\/wp-json\/wp\/v2\/users\/1"}],"replies":[{"embeddable":true,"href":"https:\/\/laurbedigital.com.ar\/noticias\/wp-json\/wp\/v2\/comments?post=77758"}],"version-history":[{"count":2,"href":"https:\/\/laurbedigital.com.ar\/noticias\/wp-json\/wp\/v2\/posts\/77758\/revisions"}],"predecessor-version":[{"id":77761,"href":"https:\/\/laurbedigital.com.ar\/noticias\/wp-json\/wp\/v2\/posts\/77758\/revisions\/77761"}],"wp:featuredmedia":[{"embeddable":true,"href":"https:\/\/laurbedigital.com.ar\/noticias\/wp-json\/wp\/v2\/media\/77759"}],"wp:attachment":[{"href":"https:\/\/laurbedigital.com.ar\/noticias\/wp-json\/wp\/v2\/media?parent=77758"}],"wp:term":[{"taxonomy":"category","embeddable":true,"href":"https:\/\/laurbedigital.com.ar\/noticias\/wp-json\/wp\/v2\/categories?post=77758"},{"taxonomy":"post_tag","embeddable":true,"href":"https:\/\/laurbedigital.com.ar\/noticias\/wp-json\/wp\/v2\/tags?post=77758"}],"curies":[{"name":"wp","href":"https:\/\/api.w.org\/{rel}","templated":true}]}}