{"id":77669,"date":"2022-06-15T19:41:03","date_gmt":"2022-06-15T22:41:03","guid":{"rendered":"https:\/\/laurbedigital.com.ar\/noticias\/?p=77669"},"modified":"2022-06-15T19:42:49","modified_gmt":"2022-06-15T22:42:49","slug":"en-el-dia-nacional-del-libro-relanzaron-el-programa-municipal-de-alfabetizacion","status":"publish","type":"post","link":"https:\/\/laurbedigital.com.ar\/noticias\/2022\/06\/15\/en-el-dia-nacional-del-libro-relanzaron-el-programa-municipal-de-alfabetizacion\/","title":{"rendered":"En el \u00abD\u00eda Nacional del Libro\u00bb relanzaron el programa Municipal de Alfabetizaci\u00f3n"},"content":{"rendered":"<h5 dir=\"ltr\"><\/h5>\n<h5 dir=\"ltr\">Mariano Cascallares y el intendente interino de Almirante Brown, Juan Fabiani, relanzaron el programa de Alfabetizaci\u00f3n local que promueve la inclusi\u00f3n de quienes han sido marginados de toda posibilidad educativa, impulsando un proceso de erradicaci\u00f3n del analfabetismo en nuestro distrito.<\/h5>\n<p dir=\"ltr\">La iniciativa, que tuvo un impasse en plena pandemia debido a las dificultades que representa la ense\u00f1anza virtual en adultos no que saben leer y escribir, volvi\u00f3 a Almirante Brown.<\/p>\n<p>El acto de relanzamiento de la propuesta local, que tuvo lugar en la Casa Municipal de la Cultura, cont\u00f3 con la presencia del secretario de Educaci\u00f3n, Ciencia y Tecnolog\u00eda, Sergio Pianciola; el asesor T\u00e9cnico Pedag\u00f3gico del Ministerio de Educaci\u00f3n de la Naci\u00f3n, Sergio De La Vega, y de la subsecretaria de Educaci\u00f3n, Paula Falc\u00f3n, entre otras autoridades.<\/p>\n<p><img loading=\"lazy\" decoding=\"async\" class=\"alignnone size-large wp-image-77670\" src=\"https:\/\/laurbedigital.com.ar\/noticias\/wp-content\/uploads\/2022\/06\/libro-3-1024x682.jpg\" alt=\"\" width=\"800\" height=\"533\" title=\"\" srcset=\"https:\/\/laurbedigital.com.ar\/noticias\/wp-content\/uploads\/2022\/06\/libro-3-1024x682.jpg 1024w, https:\/\/laurbedigital.com.ar\/noticias\/wp-content\/uploads\/2022\/06\/libro-3-300x200.jpg 300w, https:\/\/laurbedigital.com.ar\/noticias\/wp-content\/uploads\/2022\/06\/libro-3-768x512.jpg 768w, https:\/\/laurbedigital.com.ar\/noticias\/wp-content\/uploads\/2022\/06\/libro-3-1536x1023.jpg 1536w, https:\/\/laurbedigital.com.ar\/noticias\/wp-content\/uploads\/2022\/06\/libro-3.jpg 1600w\" sizes=\"auto, (max-width: 800px) 100vw, 800px\" \/><\/p>\n<p>En la ocasi\u00f3n se llev\u00f3 a cabo la primera jornada de cuatro destinadas a la capacitaci\u00f3n de los voluntarios y voluntarias referentes de organizaciones \u2013aproximadamente 170 personas- responsables de la tarea de ense\u00f1ar a leer y escribir-. Para ello deben contar con estudios secundarios completos.<\/p>\n<p>Adem\u00e1s se realiz\u00f3 la entrega de kits de herramientas necesarias para los alfabetizadores (pizarra, un libro y una agenda del alfabetizador).<\/p>\n<p>Cabe se\u00f1alar que el objetivo del programa es llevar a un 100% los \u00edndices de alfabetizaci\u00f3n del distrito, y desde el inicio del mismo, en 2018, ya fueron 400 las vecinas y vecinos alfabetizados, seg\u00fan lo informado desde la subsecretaria de Educaci\u00f3n.<\/p>\n<p><img loading=\"lazy\" decoding=\"async\" class=\"alignnone size-large wp-image-77671\" src=\"https:\/\/laurbedigital.com.ar\/noticias\/wp-content\/uploads\/2022\/06\/libro2-1024x682.jpg\" alt=\"\" width=\"800\" height=\"533\" title=\"\" srcset=\"https:\/\/laurbedigital.com.ar\/noticias\/wp-content\/uploads\/2022\/06\/libro2-1024x682.jpg 1024w, https:\/\/laurbedigital.com.ar\/noticias\/wp-content\/uploads\/2022\/06\/libro2-300x200.jpg 300w, https:\/\/laurbedigital.com.ar\/noticias\/wp-content\/uploads\/2022\/06\/libro2-768x512.jpg 768w, https:\/\/laurbedigital.com.ar\/noticias\/wp-content\/uploads\/2022\/06\/libro2-1536x1023.jpg 1536w, https:\/\/laurbedigital.com.ar\/noticias\/wp-content\/uploads\/2022\/06\/libro2.jpg 1600w\" sizes=\"auto, (max-width: 800px) 100vw, 800px\" \/><\/p>\n<p><strong>\u201cNuestro expectativa es alcanzar un alto \u00edndice de alfabetizaci\u00f3n para que aquellos que aprendan a leer y escribir, puedan ser parte del Plan Fines o del sistema educativo formal, mejorando as\u00ed su calidad de vida o la posibilidad de obtener un mejor empleo\u201d, se\u00f1al\u00f3 Cascallares.<\/strong><\/p>\n<p>Quienes est\u00e9n interesados en participar del programa pueden comunicarse a la Secretaria de Educaci\u00f3n, Ciencia y Tecnolog\u00eda, a trav\u00e9s de\u00a0<a href=\"mailto:secretariaeducacioncienciaytecnologia@brown.gob.ar\" target=\"_blank\" rel=\"nofollow noopener\">secretariaeducacioncienciay<wbr \/>tecnologia@brown.gob.ar<\/a>\u00a0o\u00a0 bien por tel\u00e9fono al 4214 0500 Int. 592.<\/p>\n<p dir=\"ltr\">\n","protected":false},"excerpt":{"rendered":"<p>Mariano Cascallares y el intendente interino de Almirante Brown, Juan Fabiani, relanzaron el programa de Alfabetizaci\u00f3n local que promueve la<\/p>\n","protected":false},"author":1,"featured_media":77675,"comment_status":"closed","ping_status":"closed","sticky":false,"template":"","format":"standard","meta":{"kia_subtitle":"","footnotes":"","jetpack_publicize_message":"En el \"D\u00eda Nacional del Libro\" relanzaron el programa Municipal de Alfabetizaci\u00f3n","jetpack_publicize_feature_enabled":true,"jetpack_social_post_already_shared":true,"jetpack_social_options":{"image_generator_settings":{"template":"highway","default_image_id":0,"font":"","enabled":false},"version":2}},"categories":[2,33],"tags":[],"class_list":["post-77669","post","type-post","status-publish","format-standard","has-post-thumbnail","hentry","category-alte-brown","category-alte-brown-alte-brown"],"jetpack_publicize_connections":[],"jetpack_featured_media_url":"https:\/\/laurbedigital.com.ar\/noticias\/wp-content\/uploads\/2022\/06\/20220615-Brown-dia-del-libro-Cascallares-Fabiani.jpg","_links":{"self":[{"href":"https:\/\/laurbedigital.com.ar\/noticias\/wp-json\/wp\/v2\/posts\/77669","targetHints":{"allow":["GET"]}}],"collection":[{"href":"https:\/\/laurbedigital.com.ar\/noticias\/wp-json\/wp\/v2\/posts"}],"about":[{"href":"https:\/\/laurbedigital.com.ar\/noticias\/wp-json\/wp\/v2\/types\/post"}],"author":[{"embeddable":true,"href":"https:\/\/laurbedigital.com.ar\/noticias\/wp-json\/wp\/v2\/users\/1"}],"replies":[{"embeddable":true,"href":"https:\/\/laurbedigital.com.ar\/noticias\/wp-json\/wp\/v2\/comments?post=77669"}],"version-history":[{"count":4,"href":"https:\/\/laurbedigital.com.ar\/noticias\/wp-json\/wp\/v2\/posts\/77669\/revisions"}],"predecessor-version":[{"id":77679,"href":"https:\/\/laurbedigital.com.ar\/noticias\/wp-json\/wp\/v2\/posts\/77669\/revisions\/77679"}],"wp:featuredmedia":[{"embeddable":true,"href":"https:\/\/laurbedigital.com.ar\/noticias\/wp-json\/wp\/v2\/media\/77675"}],"wp:attachment":[{"href":"https:\/\/laurbedigital.com.ar\/noticias\/wp-json\/wp\/v2\/media?parent=77669"}],"wp:term":[{"taxonomy":"category","embeddable":true,"href":"https:\/\/laurbedigital.com.ar\/noticias\/wp-json\/wp\/v2\/categories?post=77669"},{"taxonomy":"post_tag","embeddable":true,"href":"https:\/\/laurbedigital.com.ar\/noticias\/wp-json\/wp\/v2\/tags?post=77669"}],"curies":[{"name":"wp","href":"https:\/\/api.w.org\/{rel}","templated":true}]}}