{"id":77523,"date":"2024-06-13T00:08:58","date_gmt":"2024-06-13T03:08:58","guid":{"rendered":"https:\/\/laurbedigital.com.ar\/noticias\/?p=77523"},"modified":"2024-06-13T14:05:44","modified_gmt":"2024-06-13T17:05:44","slug":"dia-del-escritor-por-que-se-celebra-este-13-de-junio","status":"publish","type":"post","link":"https:\/\/laurbedigital.com.ar\/noticias\/2024\/06\/13\/dia-del-escritor-por-que-se-celebra-este-13-de-junio\/","title":{"rendered":"D\u00eda del Escritor: \u00bfpor qu\u00e9 se celebra este 13 de junio?"},"content":{"rendered":"<p><b>El D\u00eda del Escritor se celebra el 13 de junio<\/b>\u00a0en la Argentina ya que ese d\u00eda, pero de 1874, naci\u00f3 Leopoldo Lugones en Villa Mar\u00eda del R\u00edo Seco, C\u00f3rdoba (Argentina). Este hombre\u00a0<b>fund\u00f3 la Sociedad Argentina de Escritores (SADE)<\/b>\u00a0que,\u00a0<b>tras su muerte, fue la instituci\u00f3n que estableci\u00f3 el d\u00eda de su natalicio<\/b>\u00a0como el D\u00eda del Escritor.<\/p>\n<h4><strong>D\u00eda del Escritor: qui\u00e9n fue Leopoldo Lugones<\/strong><\/h4>\n<p><b>Adem\u00e1s de escritor, Lugones fue poeta, ensayista, cuentista, novelista, dramaturgo, periodista, historiador, pedagogo, docente, traductor, bi\u00f3grafo, fil\u00f3logo, te\u00f3sofo, diplom\u00e1tico y pol\u00edtico.<\/b>\u00a0Con sus cuentos se transform\u00f3 en el precursor y uno de los pioneros de la literatura fant\u00e1stica y de ciencia ficci\u00f3n en Argentina.<\/p>\n<p>Realiz\u00f3 viaje por Europa y vivi\u00f3 en Par\u00eds antes de que estallara la Primera Guerra Mundial. Cuando regres\u00f3 a Argentina fue el director del suplemento literario de &#8216;La Naci\u00f3n&#8217; y bibliotecario del Consejo de Educaci\u00f3n.<\/p>\n<p>Desencantado con la pol\u00edtica argentina, insatisfecho por su tarea en una biograf\u00eda de Roca en la que no pod\u00eda avanzar y sacudido por una infidelidad, Leopoldo Lugones decide terminar con su vida en una isla del Delta de Paran\u00e1 el 18 de febrero de 1938 ingiriendo una mezcla fatal de whisky y cianuro.<\/p>\n","protected":false},"excerpt":{"rendered":"<p>El D\u00eda del Escritor se celebra el 13 de junio\u00a0en la Argentina ya que ese d\u00eda, pero de 1874, naci\u00f3<\/p>\n","protected":false},"author":1,"featured_media":77525,"comment_status":"closed","ping_status":"closed","sticky":false,"template":"","format":"standard","meta":{"kia_subtitle":"Este efem\u00e9ride surgi\u00f3 para homenajear a aquellos profesionales que en el pasado, presente y futuro han ejercido, ejercen o ejercer\u00e1n responsablemente la creaci\u00f3n literaria como una forma de expresi\u00f3n art\u00edstica y humana.","footnotes":"","jetpack_publicize_message":"","jetpack_publicize_feature_enabled":true,"jetpack_social_post_already_shared":true,"jetpack_social_options":{"image_generator_settings":{"template":"highway","default_image_id":0,"font":"","enabled":false},"version":2}},"categories":[5,2594],"tags":[],"class_list":["post-77523","post","type-post","status-publish","format-standard","has-post-thumbnail","hentry","category-cultura","category-efemerides"],"jetpack_publicize_connections":[],"jetpack_featured_media_url":"https:\/\/laurbedigital.com.ar\/noticias\/wp-content\/uploads\/2022\/06\/20220613-Leopoldo-Lugones.jpg","_links":{"self":[{"href":"https:\/\/laurbedigital.com.ar\/noticias\/wp-json\/wp\/v2\/posts\/77523","targetHints":{"allow":["GET"]}}],"collection":[{"href":"https:\/\/laurbedigital.com.ar\/noticias\/wp-json\/wp\/v2\/posts"}],"about":[{"href":"https:\/\/laurbedigital.com.ar\/noticias\/wp-json\/wp\/v2\/types\/post"}],"author":[{"embeddable":true,"href":"https:\/\/laurbedigital.com.ar\/noticias\/wp-json\/wp\/v2\/users\/1"}],"replies":[{"embeddable":true,"href":"https:\/\/laurbedigital.com.ar\/noticias\/wp-json\/wp\/v2\/comments?post=77523"}],"version-history":[{"count":4,"href":"https:\/\/laurbedigital.com.ar\/noticias\/wp-json\/wp\/v2\/posts\/77523\/revisions"}],"predecessor-version":[{"id":105943,"href":"https:\/\/laurbedigital.com.ar\/noticias\/wp-json\/wp\/v2\/posts\/77523\/revisions\/105943"}],"wp:featuredmedia":[{"embeddable":true,"href":"https:\/\/laurbedigital.com.ar\/noticias\/wp-json\/wp\/v2\/media\/77525"}],"wp:attachment":[{"href":"https:\/\/laurbedigital.com.ar\/noticias\/wp-json\/wp\/v2\/media?parent=77523"}],"wp:term":[{"taxonomy":"category","embeddable":true,"href":"https:\/\/laurbedigital.com.ar\/noticias\/wp-json\/wp\/v2\/categories?post=77523"},{"taxonomy":"post_tag","embeddable":true,"href":"https:\/\/laurbedigital.com.ar\/noticias\/wp-json\/wp\/v2\/tags?post=77523"}],"curies":[{"name":"wp","href":"https:\/\/api.w.org\/{rel}","templated":true}]}}