{"id":77297,"date":"2022-06-08T09:39:04","date_gmt":"2022-06-08T12:39:04","guid":{"rendered":"https:\/\/laurbedigital.com.ar\/noticias\/?p=77297"},"modified":"2022-06-07T20:43:21","modified_gmt":"2022-06-07T23:43:21","slug":"ferraresi-entrego-viviendas-en-avellaneda","status":"publish","type":"post","link":"https:\/\/laurbedigital.com.ar\/noticias\/2022\/06\/08\/ferraresi-entrego-viviendas-en-avellaneda\/","title":{"rendered":"Ferraresi entreg\u00f3 viviendas en Avellaneda"},"content":{"rendered":"<p>&nbsp;<\/p>\n<h5>Los hogares fueron edificados a trav\u00e9s del Programa Federal Casa Propia.<\/h5>\n<p>El ministro de Desarrollo Territorial y H\u00e1bitat,\u00a0<strong>Jorge Ferraresi<\/strong>, visit\u00f3 este martes Avellaneda, donde junto al intendente local,\u00a0<strong>Alejo Chornobroff<\/strong>, y a la jefa de Gabinete del municipio,\u00a0<strong>Magdalena Sierra<\/strong>, entregaron viviendas en el barrio La Saladita, en Sarand\u00ed. De la actividad tambi\u00e9n particip\u00f3 el secretario de Obras y Servicios P\u00fablicos local,\u00a0<strong>Gast\u00f3n Seill\u00e1n<\/strong>. De esta manera, el Gobierno Nacional contin\u00faa brindando soluciones habitacionales en todo el territorio bonaerense.<\/p>\n<p>Las familias adjudicatarias que recibieron las llaves de sus nuevos hogares se mudar\u00e1n al predio ubicado en la intersecci\u00f3n de las calles Edison y Agrelo, que fueron construidos en el marco del Programa Federal Casa Propia con un financiamiento aportado por el Estado Nacional de m\u00e1s de $49 millones. Las unidades funcionales tienen 99 metros cuadrados y cuentan con dos dormitorios, estar-comedor con cocina, lavadero integrado, ba\u00f1o y patio.<\/p>\n<p>Luego de otorgar y recorrer las viviendas junto a los vecinas y vecinos beneficiarios,\u00a0<strong>Ferraresi<\/strong>\u00a0destac\u00f3 la necesidad de sostener una pol\u00edtica que genere soluciones habitacionales en todo el pa\u00eds, al destacar que<strong>\u00a0\u201cseguimos trabajando junto a los municipios, para garantizar que se cumpla con el derecho de acceder a una vivienda digna en cada rinc\u00f3n de la Argentina\u201d. Adem\u00e1s, el ministro hizo \u00e9nfasis en que\u00a0\u00abla ejecuci\u00f3n de obras p\u00fablicas como estas genera trabajo y demanda de insumos de la industria nacional, motorizando el c\u00edrculo virtuoso de la econom\u00eda\u201d.<\/p>\n<p><img loading=\"lazy\" decoding=\"async\" class=\"alignnone size-large wp-image-77299\" src=\"https:\/\/laurbedigital.com.ar\/noticias\/wp-content\/uploads\/2022\/06\/drone_edison_y_agrelo_3-1024x576.jpg\" alt=\"\" width=\"800\" height=\"450\" title=\"\" srcset=\"https:\/\/laurbedigital.com.ar\/noticias\/wp-content\/uploads\/2022\/06\/drone_edison_y_agrelo_3-1024x576.jpg 1024w, https:\/\/laurbedigital.com.ar\/noticias\/wp-content\/uploads\/2022\/06\/drone_edison_y_agrelo_3-300x169.jpg 300w, https:\/\/laurbedigital.com.ar\/noticias\/wp-content\/uploads\/2022\/06\/drone_edison_y_agrelo_3-768x432.jpg 768w, https:\/\/laurbedigital.com.ar\/noticias\/wp-content\/uploads\/2022\/06\/drone_edison_y_agrelo_3.jpg 1280w\" sizes=\"auto, (max-width: 800px) 100vw, 800px\" \/><br \/>\n<\/strong><\/p>\n<p>El barrio de La Saladita se conform\u00f3 a partir de la creaci\u00f3n de los complejos habitacionales como las Torres de Saladita y el Barrio N\u00fa\u00f1ez, siendo los iniciadores de la vida social activa que hoy tiene la zona. A lo largo de los a\u00f1os y con el crecimiento poblacional, las pol\u00edticas del Gobierno Nacional posibilitaron el crecimiento de la urbanizaci\u00f3n, al generar nuevos complejos habitacionales y equipamientos barriales.<\/p>\n","protected":false},"excerpt":{"rendered":"<p>&nbsp; Los hogares fueron edificados a trav\u00e9s del Programa Federal Casa Propia. El ministro de Desarrollo Territorial y H\u00e1bitat,\u00a0Jorge Ferraresi,<\/p>\n","protected":false},"author":1,"featured_media":77298,"comment_status":"closed","ping_status":"closed","sticky":false,"template":"","format":"standard","meta":{"kia_subtitle":"","footnotes":"","jetpack_publicize_message":"Ferraresi entreg\u00f3 viviendas en Avellaneda","jetpack_publicize_feature_enabled":true,"jetpack_social_post_already_shared":true,"jetpack_social_options":{"image_generator_settings":{"template":"highway","default_image_id":0,"font":"","enabled":false},"version":2}},"categories":[13,20],"tags":[],"class_list":["post-77297","post","type-post","status-publish","format-standard","has-post-thumbnail","hentry","category-region","category-avellaneda"],"jetpack_publicize_connections":[],"jetpack_featured_media_url":"https:\/\/laurbedigital.com.ar\/noticias\/wp-content\/uploads\/2022\/06\/20220608-Ferraresi.jpg","_links":{"self":[{"href":"https:\/\/laurbedigital.com.ar\/noticias\/wp-json\/wp\/v2\/posts\/77297","targetHints":{"allow":["GET"]}}],"collection":[{"href":"https:\/\/laurbedigital.com.ar\/noticias\/wp-json\/wp\/v2\/posts"}],"about":[{"href":"https:\/\/laurbedigital.com.ar\/noticias\/wp-json\/wp\/v2\/types\/post"}],"author":[{"embeddable":true,"href":"https:\/\/laurbedigital.com.ar\/noticias\/wp-json\/wp\/v2\/users\/1"}],"replies":[{"embeddable":true,"href":"https:\/\/laurbedigital.com.ar\/noticias\/wp-json\/wp\/v2\/comments?post=77297"}],"version-history":[{"count":2,"href":"https:\/\/laurbedigital.com.ar\/noticias\/wp-json\/wp\/v2\/posts\/77297\/revisions"}],"predecessor-version":[{"id":77301,"href":"https:\/\/laurbedigital.com.ar\/noticias\/wp-json\/wp\/v2\/posts\/77297\/revisions\/77301"}],"wp:featuredmedia":[{"embeddable":true,"href":"https:\/\/laurbedigital.com.ar\/noticias\/wp-json\/wp\/v2\/media\/77298"}],"wp:attachment":[{"href":"https:\/\/laurbedigital.com.ar\/noticias\/wp-json\/wp\/v2\/media?parent=77297"}],"wp:term":[{"taxonomy":"category","embeddable":true,"href":"https:\/\/laurbedigital.com.ar\/noticias\/wp-json\/wp\/v2\/categories?post=77297"},{"taxonomy":"post_tag","embeddable":true,"href":"https:\/\/laurbedigital.com.ar\/noticias\/wp-json\/wp\/v2\/tags?post=77297"}],"curies":[{"name":"wp","href":"https:\/\/api.w.org\/{rel}","templated":true}]}}