{"id":7716,"date":"2017-07-08T00:04:01","date_gmt":"2017-07-08T03:04:01","guid":{"rendered":"http:\/\/laurbedigital.com.ar\/noticias\/?p=7716"},"modified":"2017-07-08T00:04:01","modified_gmt":"2017-07-08T03:04:01","slug":"cascallares-superviso-obras-y-dialogo-con-vecinos-de-glew-burzaco-claypole-y-longchamps","status":"publish","type":"post","link":"https:\/\/laurbedigital.com.ar\/noticias\/2017\/07\/08\/cascallares-superviso-obras-y-dialogo-con-vecinos-de-glew-burzaco-claypole-y-longchamps\/","title":{"rendered":"Cascallares supervis\u00f3 obras y dialog\u00f3 con vecinos de Glew, Burzaco, Claypole y Longchamps"},"content":{"rendered":"<p><span style=\"text-decoration: underline;\"><\/span><span id=\"m_-7411442674043548372yiv4617944780yui_3_16_0_ym19_1_1499195608766_8246\">En el marco de sus habituales recorridas por los diversos sectores del distrito, el intendente Mariano Cascallares, supervis\u00f3 la obra de asfalto de la calle Jap\u00f3n de Burzaco, de repavimentaci\u00f3n de la calle Salaberry en Claypole, particip\u00f3 de un encuentro deportivo con j\u00f3venes que disputan la etapa local de los torneos bonaerenses, as\u00ed como tambi\u00e9n de la capacitaci\u00f3n de cooperativistas. Dijo presente tambi\u00e9n en una nueva jornada del Estado en tu Barrio en Glew<\/span> \u00a0<span id=\"m_-7411442674043548372yiv4617944780yui_3_16_0_ym19_1_1499195608766_8247\">y de la celebraci\u00f3n del 25\u00ba aniversario de un jard\u00edn de Infantes de Longchamps.<\/span><\/p>\n<div id=\"m_-7411442674043548372yiv4617944780yui_3_16_0_ym19_1_1499195608766_8245\"><\/div>\n<div id=\"m_-7411442674043548372yiv4617944780yui_3_16_0_ym19_1_1499195608766_8249\"><span id=\"m_-7411442674043548372yiv4617944780yui_3_16_0_ym19_1_1499195608766_8250\">En el club Alem\u00e1n de Burzaco, Cascallares disfrut\u00f3 de diferentes competencias de atletismo junto a j\u00f3venes que participan de la etapa local de los torneos bonaerenses.<\/span><\/div>\n<div id=\"m_-7411442674043548372yiv4617944780yui_3_16_0_ym19_1_1499195608766_8249\"><\/div>\n<div id=\"m_-7411442674043548372yiv4617944780yui_3_16_0_ym19_1_1499195608766_8252\"><span id=\"m_-7411442674043548372yiv4617944780yui_3_16_0_ym19_1_1499195608766_8253\">M\u00e1s adelante, tambi\u00e9n en el club Social y Deportivo de Glew, el intendente presenci\u00f3 un curso de capacitaci\u00f3n en prevenci\u00f3n y promoci\u00f3n de la salud a trabajadores del programa \u201cEllas Hacen\u201d y de\u00a0 \u201cArgentina Trabaja\u201d. Adem\u00e1s con la idea de tener en Brown un Municipio cardio- seguro, las cooperativistas recibieron capacitaci\u00f3n en RCP, salud sexual y reproductiva y en prevenci\u00f2n de adicciones.<\/span><\/div>\n<div id=\"m_-7411442674043548372yiv4617944780yui_3_16_0_ym19_1_1499195608766_8252\"><\/div>\n<div id=\"m_-7411442674043548372yiv4617944780yui_3_16_0_ym19_1_1499195608766_8252\"><span id=\"m_-7411442674043548372yui_3_16_0_ym19_1_1499370083924_458230\">En la oportunidad, Cascallares se encontr\u00f3 con 300 cooperativistas, pero de las jornadas a concretarse en varios d\u00edas consecutivos, participar\u00e1n unos 1.600.<\/span><\/div>\n<div id=\"m_-7411442674043548372yiv4617944780yui_3_16_0_ym19_1_1499195608766_8252\"><\/div>\n<div id=\"m_-7411442674043548372yiv4617944780yui_3_16_0_ym19_1_1499195608766_8252\" dir=\"ltr\"><span id=\"m_-7411442674043548372yui_3_16_0_ym19_1_1499370083924_458229\">\u00abSeguimos trabajando y recorriendo los barrios, localidades e instituciones de nuestro distrito siempre cerca de los vecinos escuchando sus inquietudes y cont\u00e1ndoles todo lo que estamos haciendo. Sabemos que falta mucho pero estamos trabajando cada d\u00eda y juntos avanzamos con obras hist\u00f3ricas y soluciones concretas<\/span><span id=\"m_-7411442674043548372yui_3_16_0_ym19_1_1499370083924_466546\">\u00ab, dijo el jefe comunal, quien estaba acompa\u00f1ado por el presidente del Concejo Deliberante de Almirante Brown, Juan Fabiani.<\/span><\/div>\n<div id=\"m_-7411442674043548372yiv4617944780yui_3_16_0_ym19_1_1499195608766_8252\"><\/div>\n<div id=\"m_-7411442674043548372yiv4617944780yui_3_16_0_ym19_1_1499195608766_8255\"><span id=\"m_-7411442674043548372yiv4617944780yui_3_16_0_ym19_1_1499195608766_8256\">Por otro lado, tambi\u00e9n en Glew el intendente particip\u00f3 de una nueva jornada de \u201cEl Estado Presente en tu Barrio\u201d, emplazado en el barrio Gendarmer\u00eda, donde dialog\u00f3 con los vecinos que se acercaron para utilizar los servicios que brinda la propuesta que se realiza en articulaci\u00f3n con los Estados municipal, provincial y nacional. <\/span><\/div>\n<div id=\"m_-7411442674043548372yiv4617944780yui_3_16_0_ym19_1_1499195608766_8258\"><\/div>\n<div id=\"m_-7411442674043548372yiv4617944780yui_3_16_0_ym19_1_1499195608766_8258\"><span id=\"m_-7411442674043548372yiv4617944780yui_3_16_0_ym19_1_1499195608766_8259\">Durante su recorrida, el jefe comunal se acerc\u00f3 adem\u00e1s al Jard\u00edn de Infantes Alfonsina Storni<\/span> d<span id=\"m_-7411442674043548372yiv4617944780yui_3_16_0_ym19_1_1499195608766_8260\">el barrio Viplastic en Longchamps para celebrar junto a la comunidad educativa, el 25\u00ba aniversario de la instituci\u00f3n escolar.Del acto participaron el subsecretario de Educaci\u00f3n, Sergio Pianciola, el presidente del Consejo Escolar de\u00a0<\/span><\/div>\n<div id=\"m_-7411442674043548372yiv4617944780yui_3_16_0_ym19_1_1499195608766_8258\"><span id=\"m_-7411442674043548372yui_3_16_0_ym19_1_1499370083924_464892\">Almirante Brown, Leonardo Herrera; inspectores de educaci\u00f2n del nivel inicial. Se sumaronb al acto, alumnos de la Escuela primaria 77 y la Escuela Secundaria 45, a las que concurren chicos de los barrios Viplastic y Arzeno.<\/span><\/div>\n<div id=\"m_-7411442674043548372yiv4617944780yqtfd99184\" class=\"m_-7411442674043548372yiv4617944780yqt0481867931\">\n<div id=\"m_-7411442674043548372yiv4617944780yui_3_16_0_ym19_1_1499195608766_8262\"><\/div>\n<div id=\"m_-7411442674043548372yiv4617944780yui_3_16_0_ym19_1_1499195608766_8262\"><span id=\"m_-7411442674043548372yiv4617944780yui_3_16_0_ym19_1_1499195608766_8263\">All\u00ed, Cascallares inform\u00f3 a los docentes y vecinos de los barrios aleda\u00f1os de \u00a0la apertura de tres nuevos jardines de Infantes en el distrito; de la cesi\u00f3n por parte del Municipio de dos edificios para la creaci\u00f3n de otras instituciones educativas, y de la aprobaci\u00f3n de \u00a0otros tres jardines a trav\u00e9s del Ministerio de Educaci\u00f3n de la Naci\u00f3n con el programa Tres mil Escuelas, dos de los cuales funcionar\u00e1n en Glew y un tercero en Ministro Rivadavia. <\/span><\/div>\n<div id=\"m_-7411442674043548372yiv4617944780yui_3_16_0_ym19_1_1499195608766_8262\"><\/div>\n<div id=\"m_-7411442674043548372yiv4617944780yui_3_16_0_ym19_1_1499195608766_8265\"><span id=\"m_-7411442674043548372yiv4617944780yui_3_16_0_ym19_1_1499195608766_8266\">\u201cDesde el Estado Municipal apoyamos a la educaci\u00f3n p\u00fablica ya que es sin duda la mejor pol\u00edtica p\u00fablica que podemos llevar adelante\u201d, expres\u00f3 el intendente.\u00a0<\/span><span id=\"m_-7411442674043548372yui_3_16_0_ym19_1_1499370083924_466465\">Cascallares tambi\u00e9n hizo entrega de bandera ce ceremonias, botiqu\u00edn de primeros auxilios y libros a la directora del establecimiento, Fernanda Fonseca.<\/span><\/div>\n<\/div>\n","protected":false},"excerpt":{"rendered":"<p>En el marco de sus habituales recorridas por los diversos sectores del distrito, el intendente Mariano Cascallares, supervis\u00f3 la obra<\/p>\n","protected":false},"author":1,"featured_media":7717,"comment_status":"closed","ping_status":"closed","sticky":false,"template":"","format":"standard","meta":{"kia_subtitle":"","footnotes":"","jetpack_publicize_message":"","jetpack_publicize_feature_enabled":true,"jetpack_social_post_already_shared":true,"jetpack_social_options":{"image_generator_settings":{"template":"highway","default_image_id":0,"font":"","enabled":false},"version":2}},"categories":[33,2],"tags":[],"class_list":["post-7716","post","type-post","status-publish","format-standard","has-post-thumbnail","hentry","category-alte-brown-alte-brown","category-alte-brown"],"jetpack_publicize_connections":[],"jetpack_featured_media_url":"https:\/\/laurbedigital.com.ar\/noticias\/wp-content\/uploads\/2017\/07\/20170706-brown2.jpg","_links":{"self":[{"href":"https:\/\/laurbedigital.com.ar\/noticias\/wp-json\/wp\/v2\/posts\/7716","targetHints":{"allow":["GET"]}}],"collection":[{"href":"https:\/\/laurbedigital.com.ar\/noticias\/wp-json\/wp\/v2\/posts"}],"about":[{"href":"https:\/\/laurbedigital.com.ar\/noticias\/wp-json\/wp\/v2\/types\/post"}],"author":[{"embeddable":true,"href":"https:\/\/laurbedigital.com.ar\/noticias\/wp-json\/wp\/v2\/users\/1"}],"replies":[{"embeddable":true,"href":"https:\/\/laurbedigital.com.ar\/noticias\/wp-json\/wp\/v2\/comments?post=7716"}],"version-history":[{"count":1,"href":"https:\/\/laurbedigital.com.ar\/noticias\/wp-json\/wp\/v2\/posts\/7716\/revisions"}],"predecessor-version":[{"id":7718,"href":"https:\/\/laurbedigital.com.ar\/noticias\/wp-json\/wp\/v2\/posts\/7716\/revisions\/7718"}],"wp:featuredmedia":[{"embeddable":true,"href":"https:\/\/laurbedigital.com.ar\/noticias\/wp-json\/wp\/v2\/media\/7717"}],"wp:attachment":[{"href":"https:\/\/laurbedigital.com.ar\/noticias\/wp-json\/wp\/v2\/media?parent=7716"}],"wp:term":[{"taxonomy":"category","embeddable":true,"href":"https:\/\/laurbedigital.com.ar\/noticias\/wp-json\/wp\/v2\/categories?post=7716"},{"taxonomy":"post_tag","embeddable":true,"href":"https:\/\/laurbedigital.com.ar\/noticias\/wp-json\/wp\/v2\/tags?post=7716"}],"curies":[{"name":"wp","href":"https:\/\/api.w.org\/{rel}","templated":true}]}}