{"id":76972,"date":"2022-06-01T21:30:15","date_gmt":"2022-06-02T00:30:15","guid":{"rendered":"https:\/\/laurbedigital.com.ar\/noticias\/?p=76972"},"modified":"2022-06-01T20:41:49","modified_gmt":"2022-06-01T23:41:49","slug":"la-provincia-comienza-obras-en-barrios-populares-de-san-vicente","status":"publish","type":"post","link":"https:\/\/laurbedigital.com.ar\/noticias\/2022\/06\/01\/la-provincia-comienza-obras-en-barrios-populares-de-san-vicente\/","title":{"rendered":"La Provincia comienza obras en barrios populares de San Vicente"},"content":{"rendered":"<p>&nbsp;<\/p>\n<h5>Se firmaron contratos para el mejoramiento de espacios p\u00fablicos en los barrios San Jos\u00e9 y Biocca. Se prev\u00e9 una inversi\u00f3n de m\u00e1s de 103 millones de pesos que impactar\u00e1 en m\u00e1s de 5 mil vecinos.<\/h5>\n<p>El Ministerio de H\u00e1bitat y Desarrollo Urbano a trav\u00e9s del Organismo de Integraci\u00f3n Social y Urbana (OPISU) llev\u00f3 a cabo la firma de acta de los contratos para la ejecuci\u00f3n de obras de mejoramiento del espacio p\u00fablico de dos barrios populares del distrito de San Vicente. La iniciativa prev\u00e9 una inversi\u00f3n de m\u00e1s de 103 millones de pesos e impactar\u00e1 en la vida de cerca de 5 mil vecinos y vecinas del lugar.<\/p>\n<p>Por un lado, se trata del proyecto que contempla la puesta en valor de la plaza Amarilla del barrio San Jos\u00e9, que incluye la construcci\u00f3n de una cancha multiprop\u00f3sito, la realizaci\u00f3n de caminer\u00edas internas y externas, incorporaci\u00f3n de espacios de descanso, juegos y salud, colocaci\u00f3n de luminarias y forestaci\u00f3n con plantas nativas bonaerenses.<\/p>\n<p>Mientras que en el barrio Biocca se llevar\u00e1n adelante las siguientes obras en su plaza central: construcci\u00f3n de una cancha multiprop\u00f3sito, espacios de juegos, iluminaci\u00f3n y forestaci\u00f3n.<\/p>\n<p>El acto tuvo lugar en el Polo Productivo de San Vicente y cont\u00f3 con la participaci\u00f3n de la directora provincial de Control y Supervisi\u00f3n de Proyectos y Obras del OPISU, Gabriela Medina, y representantes de la empresa adjudicataria.<\/p>\n<p>\u201cA partir de las firmas de las actas, comienza el plazo de ejecuci\u00f3n que es de 120 d\u00edas. Esto va a permitir que en el t\u00e9rmino de tres meses las y los vecinos de San Vicente puedan hacer uso de estos espacios\u201d, precis\u00f3 Medina.<\/p>\n","protected":false},"excerpt":{"rendered":"<p>&nbsp; Se firmaron contratos para el mejoramiento de espacios p\u00fablicos en los barrios San Jos\u00e9 y Biocca. Se prev\u00e9 una<\/p>\n","protected":false},"author":1,"featured_media":76973,"comment_status":"closed","ping_status":"closed","sticky":false,"template":"","format":"standard","meta":{"kia_subtitle":"","footnotes":"","jetpack_publicize_message":"La Provincia comienz\u00e1 obras en barrios populares de San Vicente","jetpack_publicize_feature_enabled":true,"jetpack_social_post_already_shared":true,"jetpack_social_options":{"image_generator_settings":{"template":"highway","default_image_id":0,"font":"","enabled":false},"version":2}},"categories":[13,246],"tags":[],"class_list":["post-76972","post","type-post","status-publish","format-standard","has-post-thumbnail","hentry","category-region","category-san-vicente"],"jetpack_publicize_connections":[],"jetpack_featured_media_url":"https:\/\/laurbedigital.com.ar\/noticias\/wp-content\/uploads\/2022\/06\/20220602-SV.jpg","_links":{"self":[{"href":"https:\/\/laurbedigital.com.ar\/noticias\/wp-json\/wp\/v2\/posts\/76972","targetHints":{"allow":["GET"]}}],"collection":[{"href":"https:\/\/laurbedigital.com.ar\/noticias\/wp-json\/wp\/v2\/posts"}],"about":[{"href":"https:\/\/laurbedigital.com.ar\/noticias\/wp-json\/wp\/v2\/types\/post"}],"author":[{"embeddable":true,"href":"https:\/\/laurbedigital.com.ar\/noticias\/wp-json\/wp\/v2\/users\/1"}],"replies":[{"embeddable":true,"href":"https:\/\/laurbedigital.com.ar\/noticias\/wp-json\/wp\/v2\/comments?post=76972"}],"version-history":[{"count":3,"href":"https:\/\/laurbedigital.com.ar\/noticias\/wp-json\/wp\/v2\/posts\/76972\/revisions"}],"predecessor-version":[{"id":76976,"href":"https:\/\/laurbedigital.com.ar\/noticias\/wp-json\/wp\/v2\/posts\/76972\/revisions\/76976"}],"wp:featuredmedia":[{"embeddable":true,"href":"https:\/\/laurbedigital.com.ar\/noticias\/wp-json\/wp\/v2\/media\/76973"}],"wp:attachment":[{"href":"https:\/\/laurbedigital.com.ar\/noticias\/wp-json\/wp\/v2\/media?parent=76972"}],"wp:term":[{"taxonomy":"category","embeddable":true,"href":"https:\/\/laurbedigital.com.ar\/noticias\/wp-json\/wp\/v2\/categories?post=76972"},{"taxonomy":"post_tag","embeddable":true,"href":"https:\/\/laurbedigital.com.ar\/noticias\/wp-json\/wp\/v2\/tags?post=76972"}],"curies":[{"name":"wp","href":"https:\/\/api.w.org\/{rel}","templated":true}]}}