{"id":76502,"date":"2022-05-23T09:00:42","date_gmt":"2022-05-23T12:00:42","guid":{"rendered":"https:\/\/laurbedigital.com.ar\/noticias\/?p=76502"},"modified":"2022-05-22T20:47:29","modified_gmt":"2022-05-22T23:47:29","slug":"asi-podria-expandirse-el-mundo-magico-de-harry-potter-en-hbo-max","status":"publish","type":"post","link":"https:\/\/laurbedigital.com.ar\/noticias\/2022\/05\/23\/asi-podria-expandirse-el-mundo-magico-de-harry-potter-en-hbo-max\/","title":{"rendered":"As\u00ed podr\u00eda expandirse el Mundo M\u00e1gico de Harry Potter en HBO Max"},"content":{"rendered":"<p>&nbsp;<\/p>\n<h5>A pesar de las pol\u00e9micas que la rodean, la autora y la plataforma trabajan en nuevos proyectos relacionados con el joven mago, tras el \u00e9xito que significo el especial \u201cHarry Potter: Return to Hogwarts\u201d.<\/h5>\n<p>A principios de a\u00f1o,\u00a0<strong>HBO Max\u00a0<\/strong>estren\u00f3<strong>\u00a0\u201cHarry Potter: Return to Hogwarts\u201d<\/strong>, el\u00a0<strong>especial por el 20\u00b0 aniversario<\/strong>\u00a0de la primera pel\u00edcula de la franquicia, rompiendo r\u00e9cords de audiencia y abriendo la puerta a una alianza entre la productora y\u00a0<strong>J.K. Rowling<\/strong>\u00a0que parece estar cerca de concretarse.<\/p>\n<p>Con la fusi\u00f3n de Warner Bros. y Discovery,\u00a0<strong>David Zaslav<\/strong>, nuevo presidente de la compa\u00f1\u00eda, tiene pensada una<strong>\u00a0estrategia que incluir\u00eda nuevas producciones del joven mago<\/strong>, seg\u00fan p\u00fablico\u00a0<em>The Wall Street<\/em>\u00a0en un extenso art\u00edculo sobre el tema, entre sus<strong>\u00a0<\/strong>proyectos futuros.<\/p>\n<p>Seg\u00fan el mismo, Zaslav quiere crear\u00a0<strong>nuevo contenido relacionado con el universo de\u00a0Harry Potter\u00a0<\/strong>y para ello, planea reunirse en las pr\u00f3ximas semanas con\u00a0<strong>J.K. Rowling<\/strong>, la autora que dio vida al Mundo M\u00e1gico.<\/p>\n<p>A pesar de sus\u00a0<strong>pol\u00e9micos dichos sobre g\u00e9nero, la autora sigue siendo la propietaria de la franquicia que cre\u00f3 en 1997\u00a0<\/strong>y, es por ello, que el Presidente de Warner Bros. Discovery no dud\u00f3 a la hora de convocarla para charlar.<\/p>\n<p>Esta idea de Zaslav, ya la tuvo<strong>\u00a0Ann Sarnoff<\/strong>,<strong>\u00a0<\/strong>exdirectora de Warner Bros., que en una oportunidad hab\u00eda dicho: \u00ab<strong>Nos encantar\u00eda desarrollar m\u00e1s series originales de\u00a0Harry Potter<\/strong>, y\u00a0<strong>hablamos regularmente con J.K. Rowling y su equipo<\/strong>. Sin embargo, tiene que ser correcto.\u00a0<strong>Hagamos lo que hagamos tiene que ser fiel al canon, al esp\u00edritu del Mundo M\u00e1gico y a Harry<\/strong>\u00ab.<\/p>\n<p>&nbsp;<\/p>\n<p>&nbsp;<\/p>\n","protected":false},"excerpt":{"rendered":"<p>&nbsp; A pesar de las pol\u00e9micas que la rodean, la autora y la plataforma trabajan en nuevos proyectos relacionados con<\/p>\n","protected":false},"author":1,"featured_media":76503,"comment_status":"closed","ping_status":"closed","sticky":false,"template":"","format":"standard","meta":{"kia_subtitle":"","footnotes":"","jetpack_publicize_message":"","jetpack_publicize_feature_enabled":true,"jetpack_social_post_already_shared":true,"jetpack_social_options":{"image_generator_settings":{"template":"highway","default_image_id":0,"font":"","enabled":false},"version":2}},"categories":[68],"tags":[],"class_list":["post-76502","post","type-post","status-publish","format-standard","has-post-thumbnail","hentry","category-cine-y-series"],"jetpack_publicize_connections":[],"jetpack_featured_media_url":"https:\/\/laurbedigital.com.ar\/noticias\/wp-content\/uploads\/2022\/05\/20220523-Harry-Potter.jpg","_links":{"self":[{"href":"https:\/\/laurbedigital.com.ar\/noticias\/wp-json\/wp\/v2\/posts\/76502","targetHints":{"allow":["GET"]}}],"collection":[{"href":"https:\/\/laurbedigital.com.ar\/noticias\/wp-json\/wp\/v2\/posts"}],"about":[{"href":"https:\/\/laurbedigital.com.ar\/noticias\/wp-json\/wp\/v2\/types\/post"}],"author":[{"embeddable":true,"href":"https:\/\/laurbedigital.com.ar\/noticias\/wp-json\/wp\/v2\/users\/1"}],"replies":[{"embeddable":true,"href":"https:\/\/laurbedigital.com.ar\/noticias\/wp-json\/wp\/v2\/comments?post=76502"}],"version-history":[{"count":2,"href":"https:\/\/laurbedigital.com.ar\/noticias\/wp-json\/wp\/v2\/posts\/76502\/revisions"}],"predecessor-version":[{"id":76505,"href":"https:\/\/laurbedigital.com.ar\/noticias\/wp-json\/wp\/v2\/posts\/76502\/revisions\/76505"}],"wp:featuredmedia":[{"embeddable":true,"href":"https:\/\/laurbedigital.com.ar\/noticias\/wp-json\/wp\/v2\/media\/76503"}],"wp:attachment":[{"href":"https:\/\/laurbedigital.com.ar\/noticias\/wp-json\/wp\/v2\/media?parent=76502"}],"wp:term":[{"taxonomy":"category","embeddable":true,"href":"https:\/\/laurbedigital.com.ar\/noticias\/wp-json\/wp\/v2\/categories?post=76502"},{"taxonomy":"post_tag","embeddable":true,"href":"https:\/\/laurbedigital.com.ar\/noticias\/wp-json\/wp\/v2\/tags?post=76502"}],"curies":[{"name":"wp","href":"https:\/\/api.w.org\/{rel}","templated":true}]}}