{"id":76317,"date":"2024-05-19T00:08:46","date_gmt":"2024-05-19T03:08:46","guid":{"rendered":"https:\/\/laurbedigital.com.ar\/noticias\/?p=76317"},"modified":"2024-05-19T03:06:44","modified_gmt":"2024-05-19T06:06:44","slug":"hace-50-anos-moria-tanguito-y-nacia-el-primer-mito-del-rock-argentino","status":"publish","type":"post","link":"https:\/\/laurbedigital.com.ar\/noticias\/2024\/05\/19\/hace-50-anos-moria-tanguito-y-nacia-el-primer-mito-del-rock-argentino\/","title":{"rendered":"Hace 52 a\u00f1os mor\u00eda Tanguito y nac\u00eda el primer mito del rock argentino"},"content":{"rendered":"<p>La coautor\u00eda con Litto Nebbia de \u201cLa balsa\u201d, el primer gran \u00e9xito del rock argentino; algunas leyendas forjadas a su alrededor y la escasez de registros fonogr\u00e1ficos le confirieron a este artista el aura misteriosa necesaria que, sumado a algunos \u201cmalentendidos\u201d que se reprodujeron y ganaron entidad gracias a un pol\u00e9mico filme, conformaron un relato \u00e9pico que convirti\u00f3 a Tanguito en un s\u00edmbolo de la incomprensi\u00f3n y la rebeld\u00eda.<\/p>\n<p>Aunque no se produjo de manera inmediata a su muerte e hizo falta un guion novelesco que lo imbuyera de sentido -en base a inexactitudes o verdades a medias-, Tanguito fue erigido como la personificaci\u00f3n del esp\u00edritu libre, combativo, rebelde, talentoso e indoblegable que guio los inicios de la cultura rock local.<\/p>\n<p>La contraposici\u00f3n de esta construcci\u00f3n con los relatos de quienes conocieron al artista expone algunas contradicciones que llenan de preguntas a quienes optaron por la literalidad de lo m\u00edtico. \u00bfFue Tanguito un genio o hubiera sido incapaz de escribir una canci\u00f3n sin ayuda? \u00bfEra un rebelde o simplemente ten\u00eda conductas temerarias por el consumo de drogas? \u00bfFue un perseguido? \u00bfFue una v\u00edctima por no haberse doblegado ante el sistema?<\/p>\n<p>\u201cEsas preguntas son las preguntas. Yo sinceramente creo que no tienen respuesta. Lo que s\u00ed me parece, en el marco de que todo es una gran figura, que hay lugar para esta idea que yo digo que los `60 en Argentina se terminaron en mayo de 1972, cuando el tren lo mato a Tanguito. Esos a\u00f1os `60 de los colores, la minifalda, la p\u00edldora anticonceptiva y Bob Dylan terminaron ese d\u00eda en Argentina\u201d, aventur\u00f3 el periodista V\u00edctor Pintos, autor de \u201cTanguito, la verdadera historia\u201d, la m\u00e1s completa investigaci\u00f3n sobre la vida del m\u00edtico artista.<\/p>\n<p>A la hora de ensayar una definici\u00f3n sobre la real dimensi\u00f3n que tiene Tanguito en la historia del rock argentino, el periodista grafic\u00f3: \u201cCon `La balsa\u00b4 es como si le hubiera dado la pelota a Maradona el d\u00eda del gol a los ingleses. No hizo el gol. El gol lo hizo Litto Nebbia, pero el que le dio la pelota fue Tanguito\u201d.<\/p>\n<p>Lo que el autor de la biograf\u00eda del artista s\u00ed pudo certificar es que \u201cTanguito es mito porque un tren lo mat\u00f3 a los 26 a\u00f1os, sobre todo en una ciudad como Buenos Aires, que es tan propensa a comprar figuras m\u00edticas\u201d. \u201cPero el rock \u2013a\u00f1adi\u00f3- tiene en Tanguito a un Gardel, solo que nunca hizo pel\u00edculas en EEUU\u201d.<\/p>\n<p><iframe loading=\"lazy\" title=\"YouTube video player\" src=\"https:\/\/www.youtube.com\/embed\/_RCYwPE0ORs\" width=\"640\" height=\"480\" frameborder=\"0\" allowfullscreen=\"allowfullscreen\"><\/iframe><\/p>\n<p>&nbsp;<\/p>\n<p>&nbsp;<\/p>\n","protected":false},"excerpt":{"rendered":"<p>La coautor\u00eda con Litto Nebbia de \u201cLa balsa\u201d, el primer gran \u00e9xito del rock argentino; algunas leyendas forjadas a su<\/p>\n","protected":false},"author":1,"featured_media":76319,"comment_status":"closed","ping_status":"closed","sticky":false,"template":"","format":"standard","meta":{"kia_subtitle":"Con apenas un lustro de vida, el rock argentino ya iba a contar con un m\u00e1rtir que le permitir\u00eda construir su primer gran mito, cuando el 19 de mayo de 1972 un tren lo arroll\u00f3 en Puente Pac\u00edfico a Jos\u00e9 Alberto Iglesias, un joven de 26 con una salud f\u00edsica y mental minada por las drogas y los electroshocks recibidos en el Instituto Borda, de donde se hab\u00eda escapado, pero que a\u00f1os atr\u00e1s, bajo el seud\u00f3nimo de Tanguito hab\u00eda sido parte de un grupo de artistas que dio vida al movimiento local.","footnotes":"","jetpack_publicize_message":"Hace 50 a\u00f1os mor\u00eda Tanguito y nac\u00eda el primer mito del rock argentino","jetpack_publicize_feature_enabled":true,"jetpack_social_post_already_shared":true,"jetpack_social_options":{"image_generator_settings":{"template":"highway","default_image_id":0,"font":"","enabled":false},"version":2}},"categories":[5,2594],"tags":[],"class_list":["post-76317","post","type-post","status-publish","format-standard","has-post-thumbnail","hentry","category-cultura","category-efemerides"],"jetpack_publicize_connections":[],"jetpack_featured_media_url":"https:\/\/laurbedigital.com.ar\/noticias\/wp-content\/uploads\/2022\/05\/20220518-Tanguito.jpg","_links":{"self":[{"href":"https:\/\/laurbedigital.com.ar\/noticias\/wp-json\/wp\/v2\/posts\/76317","targetHints":{"allow":["GET"]}}],"collection":[{"href":"https:\/\/laurbedigital.com.ar\/noticias\/wp-json\/wp\/v2\/posts"}],"about":[{"href":"https:\/\/laurbedigital.com.ar\/noticias\/wp-json\/wp\/v2\/types\/post"}],"author":[{"embeddable":true,"href":"https:\/\/laurbedigital.com.ar\/noticias\/wp-json\/wp\/v2\/users\/1"}],"replies":[{"embeddable":true,"href":"https:\/\/laurbedigital.com.ar\/noticias\/wp-json\/wp\/v2\/comments?post=76317"}],"version-history":[{"count":4,"href":"https:\/\/laurbedigital.com.ar\/noticias\/wp-json\/wp\/v2\/posts\/76317\/revisions"}],"predecessor-version":[{"id":105045,"href":"https:\/\/laurbedigital.com.ar\/noticias\/wp-json\/wp\/v2\/posts\/76317\/revisions\/105045"}],"wp:featuredmedia":[{"embeddable":true,"href":"https:\/\/laurbedigital.com.ar\/noticias\/wp-json\/wp\/v2\/media\/76319"}],"wp:attachment":[{"href":"https:\/\/laurbedigital.com.ar\/noticias\/wp-json\/wp\/v2\/media?parent=76317"}],"wp:term":[{"taxonomy":"category","embeddable":true,"href":"https:\/\/laurbedigital.com.ar\/noticias\/wp-json\/wp\/v2\/categories?post=76317"},{"taxonomy":"post_tag","embeddable":true,"href":"https:\/\/laurbedigital.com.ar\/noticias\/wp-json\/wp\/v2\/tags?post=76317"}],"curies":[{"name":"wp","href":"https:\/\/api.w.org\/{rel}","templated":true}]}}