{"id":76258,"date":"2024-05-18T00:08:05","date_gmt":"2024-05-18T03:08:05","guid":{"rendered":"https:\/\/laurbedigital.com.ar\/noticias\/?p=76258"},"modified":"2024-05-17T22:08:50","modified_gmt":"2024-05-18T01:08:50","slug":"dia-de-la-escarapela-por-que-se-celebra-hoy","status":"publish","type":"post","link":"https:\/\/laurbedigital.com.ar\/noticias\/2024\/05\/18\/dia-de-la-escarapela-por-que-se-celebra-hoy\/","title":{"rendered":"D\u00eda de la Escarapela: por qu\u00e9 se celebra hoy"},"content":{"rendered":"<h4><strong>Historia de la escarapela en Argentina<\/strong><\/h4>\n<p>En la actual ciudad de Rosario, el 13 de febrero de 1812, Belgrano le pidi\u00f3 al Primer Triunvirato que avalara el uso de la escarapela con los colores celeste y blanco para las tropas de las Provincias Unidas del R\u00edo de La Plata. El requerimiento fue aceptado cinco d\u00edas m\u00e1s tarde, el 18 de febrero. El enemigo utilizaba el rojo.<\/p>\n<p><img loading=\"lazy\" decoding=\"async\" class=\"wp-image-76260 alignleft\" src=\"https:\/\/laurbedigital.com.ar\/noticias\/wp-content\/uploads\/2022\/05\/belgrano.png\" alt=\"\" width=\"452\" height=\"481\" title=\"\" srcset=\"https:\/\/laurbedigital.com.ar\/noticias\/wp-content\/uploads\/2022\/05\/belgrano.png 800w, https:\/\/laurbedigital.com.ar\/noticias\/wp-content\/uploads\/2022\/05\/belgrano-282x300.png 282w, https:\/\/laurbedigital.com.ar\/noticias\/wp-content\/uploads\/2022\/05\/belgrano-768x817.png 768w\" sizes=\"auto, (max-width: 452px) 100vw, 452px\" \/><strong>\u201cParece que ha llegado el caso de que sirva declarar la escarapela nacional que debemos usar para que no se equivoque con la de nuestros enemigos&#8230;\u201d,<\/strong> entre otros conceptos, escrib\u00eda Belgrano.<\/p>\n<p>El sitio web del Ministerio de Cultura de la Naci\u00f3n informa que -seg\u00fan el Museo Hist\u00f3rico Nacional- el uso de escarapela se hizo costumbre como distintivo entre los ej\u00e9rcitos de Espa\u00f1a durante el 1700, y que las formas de las escarapelas variaba en lazos o mo\u00f1os, hasta que se estableci\u00f3 forma actual llamada la roseta.<\/p>\n<p>Se dice tambi\u00e9n que la Escarapela Argentina fue utilizada por primera vez por un grupo de damas de Buenos Aires al presentarse a una entrevista con el entonces coronel Cornelio de Saavedra, jefe del regimiento de Patricios.<\/p>\n<p>&nbsp;<\/p>\n","protected":false},"excerpt":{"rendered":"<p>Historia de la escarapela en Argentina En la actual ciudad de Rosario, el 13 de febrero de 1812, Belgrano le<\/p>\n","protected":false},"author":1,"featured_media":76259,"comment_status":"closed","ping_status":"closed","sticky":false,"template":"","format":"standard","meta":{"kia_subtitle":"","footnotes":"","jetpack_publicize_message":"","jetpack_publicize_feature_enabled":true,"jetpack_social_post_already_shared":true,"jetpack_social_options":{"image_generator_settings":{"template":"highway","default_image_id":0,"font":"","enabled":false},"version":2}},"categories":[5,2594],"tags":[],"class_list":["post-76258","post","type-post","status-publish","format-standard","has-post-thumbnail","hentry","category-cultura","category-efemerides"],"jetpack_publicize_connections":[],"jetpack_featured_media_url":"https:\/\/laurbedigital.com.ar\/noticias\/wp-content\/uploads\/2022\/05\/20220517-Escarapela.jpg","_links":{"self":[{"href":"https:\/\/laurbedigital.com.ar\/noticias\/wp-json\/wp\/v2\/posts\/76258","targetHints":{"allow":["GET"]}}],"collection":[{"href":"https:\/\/laurbedigital.com.ar\/noticias\/wp-json\/wp\/v2\/posts"}],"about":[{"href":"https:\/\/laurbedigital.com.ar\/noticias\/wp-json\/wp\/v2\/types\/post"}],"author":[{"embeddable":true,"href":"https:\/\/laurbedigital.com.ar\/noticias\/wp-json\/wp\/v2\/users\/1"}],"replies":[{"embeddable":true,"href":"https:\/\/laurbedigital.com.ar\/noticias\/wp-json\/wp\/v2\/comments?post=76258"}],"version-history":[{"count":7,"href":"https:\/\/laurbedigital.com.ar\/noticias\/wp-json\/wp\/v2\/posts\/76258\/revisions"}],"predecessor-version":[{"id":105026,"href":"https:\/\/laurbedigital.com.ar\/noticias\/wp-json\/wp\/v2\/posts\/76258\/revisions\/105026"}],"wp:featuredmedia":[{"embeddable":true,"href":"https:\/\/laurbedigital.com.ar\/noticias\/wp-json\/wp\/v2\/media\/76259"}],"wp:attachment":[{"href":"https:\/\/laurbedigital.com.ar\/noticias\/wp-json\/wp\/v2\/media?parent=76258"}],"wp:term":[{"taxonomy":"category","embeddable":true,"href":"https:\/\/laurbedigital.com.ar\/noticias\/wp-json\/wp\/v2\/categories?post=76258"},{"taxonomy":"post_tag","embeddable":true,"href":"https:\/\/laurbedigital.com.ar\/noticias\/wp-json\/wp\/v2\/tags?post=76258"}],"curies":[{"name":"wp","href":"https:\/\/api.w.org\/{rel}","templated":true}]}}