{"id":76187,"date":"2022-05-16T19:16:26","date_gmt":"2022-05-16T22:16:26","guid":{"rendered":"https:\/\/laurbedigital.com.ar\/noticias\/?p=76187"},"modified":"2022-05-16T19:17:13","modified_gmt":"2022-05-16T22:17:13","slug":"76187","status":"publish","type":"post","link":"https:\/\/laurbedigital.com.ar\/noticias\/2022\/05\/16\/76187\/","title":{"rendered":"El Municipio potencia con Naci\u00f3n y Provincia la gesti\u00f3n de reciclables en los Eco-Puntos"},"content":{"rendered":"<div>\n<h5 dir=\"ltr\"><\/h5>\n<h5 dir=\"ltr\">El intendente interino de Almirante Brown, Juan Fabiani, junto con la directora nacional de Econom\u00eda Popular de la Naci\u00f3n y referente del programa Argentina Recicla, del Ministerio de Desarrollo, Mar\u00eda Castillo, recorri\u00f3 tres de los Eco-Puntos donde se clasifican los materiales reciclables provenientes de la recolecci\u00f3n diferenciada en el distrito.<\/h5>\n<p dir=\"ltr\">Durante la jornada, que inici\u00f3 en una reuni\u00f3n en el Palacio Municipal y cont\u00f3 con la participaci\u00f3n del coordinador nacional de Cooperativas de Reciclado, Juan Collado, y la subsecretaria de Residuos S\u00f3lidos urbanos del Ministerio de Ambiente de la Provincia, Jackie Flores, las autoridades acordaron potenciar el trabajo mancomunado para que las pol\u00edticas de reciclado sigan creciendo en el distrito.<\/p>\n<p>Posteriormente realizaron una recorrida por distintos Eco-Puntos, entre ellos los ubicados en Hugo del Carril y Couti\u00f1o, en Burzaco; en el de Don Orione, situado en L. L\u00f3pez N\u00b02567 y en el de San Jos\u00e9, situado en Bouchard y Tierra del Fuego.<\/p>\n<p><img loading=\"lazy\" decoding=\"async\" class=\"alignnone wp-image-76190\" src=\"https:\/\/laurbedigital.com.ar\/noticias\/wp-content\/uploads\/2022\/05\/pulmon1-1024x683.jpg\" alt=\"\" width=\"684\" height=\"456\" title=\"\" srcset=\"https:\/\/laurbedigital.com.ar\/noticias\/wp-content\/uploads\/2022\/05\/pulmon1-1024x683.jpg 1024w, https:\/\/laurbedigital.com.ar\/noticias\/wp-content\/uploads\/2022\/05\/pulmon1-300x200.jpg 300w, https:\/\/laurbedigital.com.ar\/noticias\/wp-content\/uploads\/2022\/05\/pulmon1-768x512.jpg 768w, https:\/\/laurbedigital.com.ar\/noticias\/wp-content\/uploads\/2022\/05\/pulmon1.jpg 1098w\" sizes=\"auto, (max-width: 684px) 100vw, 684px\" \/><\/p>\n<p><strong>\u201cDesde el inicio de la gesti\u00f3n de Mariano (Cascallares) que uno de nuestros principales objetivos fue potenciar el pulm\u00f3n verde que representa Almirante Brown para el Conurbano Bonaerense y, en ese sentido, todas las pol\u00edticas de cuidado del medioambiente y reciclaje van en esa sinton\u00eda. Siempre con el objetivo de mejorar la calidad de vida de nuestros vecinos y vecinas con programas como Brown Verde\u201d, apunt\u00f3 Fabiani.<\/strong><\/p>\n<p>En el marco del programa ambiental Eco-Inclusi\u00f3n, el Municipio de Almirante Brown viene creciendo ampliamente en la promoci\u00f3n ambiental y la capacidad de recolecci\u00f3n diferenciada en todas las localidades, articulando con cooperativas de recuperadores urbanos, potenciando la clasificaci\u00f3n de estos residuos y su posterior transformaci\u00f3n en material reutilizable.<\/p>\n<p>En los distintos puntos se recepciona y clasifican los distintos materiales, entre ellos papeles (blanco o de color, revistas, diarios, fotocopias y folletos), pl\u00e1sticos (botellas, bazar, tapitas, bolsas y sachets), cartones (cajas, bolsas o maples), vidrios (envasas de color o transparentes, fracos y botellas) y metales (latas, aerosoles, llaves, candados o desodorantes, entre otros).<\/p>\n<p><img loading=\"lazy\" decoding=\"async\" class=\"alignnone wp-image-76191\" src=\"https:\/\/laurbedigital.com.ar\/noticias\/wp-content\/uploads\/2022\/05\/Pulmon4-1024x683.jpg\" alt=\"\" width=\"683\" height=\"456\" title=\"\" srcset=\"https:\/\/laurbedigital.com.ar\/noticias\/wp-content\/uploads\/2022\/05\/Pulmon4-1024x683.jpg 1024w, https:\/\/laurbedigital.com.ar\/noticias\/wp-content\/uploads\/2022\/05\/Pulmon4-300x200.jpg 300w, https:\/\/laurbedigital.com.ar\/noticias\/wp-content\/uploads\/2022\/05\/Pulmon4-768x512.jpg 768w, https:\/\/laurbedigital.com.ar\/noticias\/wp-content\/uploads\/2022\/05\/Pulmon4.jpg 1098w\" sizes=\"auto, (max-width: 683px) 100vw, 683px\" \/><\/p>\n<p>De la jornada participaron tambi\u00e9n el secretario de Gesti\u00f3n Descentralizada, Atilio Gari; el secretario de Pol\u00edtica Ambiental y H\u00e1bitat, Ignacio Villaronga; el director de Barrido y Recolecci\u00f3n, Ignacio de Candia. Tambi\u00e9n estuvieron presentes los delegados Andrea Capasso (Burzaco), Mabel Klehb (San Francisco de As\u00eds) y Humberto Morelli (San Jos\u00e9).<\/p>\n<\/div>\n<p dir=\"ltr\">\n","protected":false},"excerpt":{"rendered":"<p>El intendente interino de Almirante Brown, Juan Fabiani, junto con la directora nacional de Econom\u00eda Popular de la Naci\u00f3n y<\/p>\n","protected":false},"author":1,"featured_media":76188,"comment_status":"closed","ping_status":"closed","sticky":false,"template":"","format":"standard","meta":{"kia_subtitle":"","footnotes":"","jetpack_publicize_message":"","jetpack_publicize_feature_enabled":true,"jetpack_social_post_already_shared":true,"jetpack_social_options":{"image_generator_settings":{"template":"highway","default_image_id":0,"font":"","enabled":false},"version":2}},"categories":[2,33],"tags":[],"class_list":["post-76187","post","type-post","status-publish","format-standard","has-post-thumbnail","hentry","category-alte-brown","category-alte-brown-alte-brown"],"jetpack_publicize_connections":[],"jetpack_featured_media_url":"https:\/\/laurbedigital.com.ar\/noticias\/wp-content\/uploads\/2022\/05\/20220516-Brown-ecopunto.jpg","_links":{"self":[{"href":"https:\/\/laurbedigital.com.ar\/noticias\/wp-json\/wp\/v2\/posts\/76187","targetHints":{"allow":["GET"]}}],"collection":[{"href":"https:\/\/laurbedigital.com.ar\/noticias\/wp-json\/wp\/v2\/posts"}],"about":[{"href":"https:\/\/laurbedigital.com.ar\/noticias\/wp-json\/wp\/v2\/types\/post"}],"author":[{"embeddable":true,"href":"https:\/\/laurbedigital.com.ar\/noticias\/wp-json\/wp\/v2\/users\/1"}],"replies":[{"embeddable":true,"href":"https:\/\/laurbedigital.com.ar\/noticias\/wp-json\/wp\/v2\/comments?post=76187"}],"version-history":[{"count":3,"href":"https:\/\/laurbedigital.com.ar\/noticias\/wp-json\/wp\/v2\/posts\/76187\/revisions"}],"predecessor-version":[{"id":76194,"href":"https:\/\/laurbedigital.com.ar\/noticias\/wp-json\/wp\/v2\/posts\/76187\/revisions\/76194"}],"wp:featuredmedia":[{"embeddable":true,"href":"https:\/\/laurbedigital.com.ar\/noticias\/wp-json\/wp\/v2\/media\/76188"}],"wp:attachment":[{"href":"https:\/\/laurbedigital.com.ar\/noticias\/wp-json\/wp\/v2\/media?parent=76187"}],"wp:term":[{"taxonomy":"category","embeddable":true,"href":"https:\/\/laurbedigital.com.ar\/noticias\/wp-json\/wp\/v2\/categories?post=76187"},{"taxonomy":"post_tag","embeddable":true,"href":"https:\/\/laurbedigital.com.ar\/noticias\/wp-json\/wp\/v2\/tags?post=76187"}],"curies":[{"name":"wp","href":"https:\/\/api.w.org\/{rel}","templated":true}]}}