{"id":76055,"date":"2022-05-13T01:27:20","date_gmt":"2022-05-13T04:27:20","guid":{"rendered":"https:\/\/laurbedigital.com.ar\/noticias\/?p=76055"},"modified":"2022-05-13T01:27:20","modified_gmt":"2022-05-13T04:27:20","slug":"76055","status":"publish","type":"post","link":"https:\/\/laurbedigital.com.ar\/noticias\/2022\/05\/13\/76055\/","title":{"rendered":"Cascallares comparti\u00f3 una jornada con veteranos de\u00a0Malvinas y estudiantes de una escuela de M\u00e1rmol"},"content":{"rendered":"<p>&nbsp;<\/p>\n<p>&nbsp;<\/p>\n<h5>El diputado bonaerense Mariano Cascallares encabez\u00f3 una jornada junto a ex combatientes de Malvinas y estudiantes en la Escuela Secundaria N\u00b0 1 Alfredo Palacios, de Jos\u00e9 M\u00e1rmol, junto con el presidente del Concejo Deliberante, Nicol\u00e1s Jawtuschenko.<\/h5>\n<p>La actividad se desarroll\u00f3 en el establecimiento educativo ubicado en la calle S\u00e1nchez N\u00b02350, donde se realiz\u00f3 una charla junto a la comunidad educativa y se proyect\u00f3 una pel\u00edcula sobre Malvinas realizada por los veteranos de guerra.<\/p>\n<p>Adem\u00e1s, se llev\u00f3 a cabo un reconocimiento por parte del pueblo de Jos\u00e9 M\u00e1rmol y de la escuela secundaria al Centro de Ex Combatientes \u201cPuerto Argentino\u201d.<\/p>\n<p><img loading=\"lazy\" decoding=\"async\" class=\"alignnone  wp-image-76057\" src=\"https:\/\/laurbedigital.com.ar\/noticias\/wp-content\/uploads\/2022\/05\/malvinas13454-e1652415999688-1024x918.jpg\" alt=\"\" width=\"688\" height=\"617\" title=\"\" srcset=\"https:\/\/laurbedigital.com.ar\/noticias\/wp-content\/uploads\/2022\/05\/malvinas13454-e1652415999688-1024x918.jpg 1024w, https:\/\/laurbedigital.com.ar\/noticias\/wp-content\/uploads\/2022\/05\/malvinas13454-e1652415999688-300x269.jpg 300w, https:\/\/laurbedigital.com.ar\/noticias\/wp-content\/uploads\/2022\/05\/malvinas13454-e1652415999688-768x689.jpg 768w, https:\/\/laurbedigital.com.ar\/noticias\/wp-content\/uploads\/2022\/05\/malvinas13454-e1652415999688.jpg 1200w\" sizes=\"auto, (max-width: 688px) 100vw, 688px\" \/><\/p>\n<p><strong>\u201cSeguimos con las actividades para malvinizar Almirante Brown junto a nuestros ex combatientes, en el marco del 40\u00b0 Aniversario de la Gesta Malvinas que se cumple este a\u00f1o. Esta vez, junto a estudiantes en una emotiva charla quecont\u00f3 tambi\u00e9n con la proyecci\u00f3n de una pel\u00edcula\u201d, sostuvo Mariano Cascallares.<\/p>\n<p><\/strong>La actividad, que incluy\u00f3 la participaci\u00f3n de la delegada Valeria Ramallo, se llev\u00f3 adelante en el marco de la \u201cSemana de la Identidad de Jos\u00e9 M\u00e1rmol\u201d, que incluy\u00f3 una amplia agenda de propuestas durante todo el \u00faltimo fin de semana.<\/p>\n<p>&nbsp;<\/p>\n","protected":false},"excerpt":{"rendered":"<p>&nbsp; &nbsp; El diputado bonaerense Mariano Cascallares encabez\u00f3 una jornada junto a ex combatientes de Malvinas y estudiantes en la<\/p>\n","protected":false},"author":1,"featured_media":76056,"comment_status":"closed","ping_status":"closed","sticky":false,"template":"","format":"standard","meta":{"kia_subtitle":"","footnotes":"","jetpack_publicize_message":"Cascallares comparti\u00f3 una jornada con veteranos de\u00a0Malvinas y estudiantes de una escuela de M\u00e1rmol","jetpack_publicize_feature_enabled":true,"jetpack_social_post_already_shared":true,"jetpack_social_options":{"image_generator_settings":{"template":"highway","default_image_id":0,"font":"","enabled":false},"version":2}},"categories":[2,33],"tags":[],"class_list":["post-76055","post","type-post","status-publish","format-standard","has-post-thumbnail","hentry","category-alte-brown","category-alte-brown-alte-brown"],"jetpack_publicize_connections":[],"jetpack_featured_media_url":"https:\/\/laurbedigital.com.ar\/noticias\/wp-content\/uploads\/2022\/05\/20220513-Cascallares.jpg","_links":{"self":[{"href":"https:\/\/laurbedigital.com.ar\/noticias\/wp-json\/wp\/v2\/posts\/76055","targetHints":{"allow":["GET"]}}],"collection":[{"href":"https:\/\/laurbedigital.com.ar\/noticias\/wp-json\/wp\/v2\/posts"}],"about":[{"href":"https:\/\/laurbedigital.com.ar\/noticias\/wp-json\/wp\/v2\/types\/post"}],"author":[{"embeddable":true,"href":"https:\/\/laurbedigital.com.ar\/noticias\/wp-json\/wp\/v2\/users\/1"}],"replies":[{"embeddable":true,"href":"https:\/\/laurbedigital.com.ar\/noticias\/wp-json\/wp\/v2\/comments?post=76055"}],"version-history":[{"count":3,"href":"https:\/\/laurbedigital.com.ar\/noticias\/wp-json\/wp\/v2\/posts\/76055\/revisions"}],"predecessor-version":[{"id":76060,"href":"https:\/\/laurbedigital.com.ar\/noticias\/wp-json\/wp\/v2\/posts\/76055\/revisions\/76060"}],"wp:featuredmedia":[{"embeddable":true,"href":"https:\/\/laurbedigital.com.ar\/noticias\/wp-json\/wp\/v2\/media\/76056"}],"wp:attachment":[{"href":"https:\/\/laurbedigital.com.ar\/noticias\/wp-json\/wp\/v2\/media?parent=76055"}],"wp:term":[{"taxonomy":"category","embeddable":true,"href":"https:\/\/laurbedigital.com.ar\/noticias\/wp-json\/wp\/v2\/categories?post=76055"},{"taxonomy":"post_tag","embeddable":true,"href":"https:\/\/laurbedigital.com.ar\/noticias\/wp-json\/wp\/v2\/tags?post=76055"}],"curies":[{"name":"wp","href":"https:\/\/api.w.org\/{rel}","templated":true}]}}