{"id":75088,"date":"2022-04-26T19:38:16","date_gmt":"2022-04-26T22:38:16","guid":{"rendered":"https:\/\/laurbedigital.com.ar\/noticias\/?p=75088"},"modified":"2022-04-26T19:38:39","modified_gmt":"2022-04-26T22:38:39","slug":"nueva-entrega-de-creditos-del-programa-casa-propia-junto-a-familias-brownianas","status":"publish","type":"post","link":"https:\/\/laurbedigital.com.ar\/noticias\/2022\/04\/26\/nueva-entrega-de-creditos-del-programa-casa-propia-junto-a-familias-brownianas\/","title":{"rendered":"Nueva entrega de cr\u00e9ditos del programa \u201cCasa Propia\u201d junto a familias brownianas"},"content":{"rendered":"<h5 dir=\"ltr\"><\/h5>\n<h5 dir=\"ltr\">El intendente interino de Almirante Brown, Juan Fabiani, encabez\u00f3 junto al secretario de Desarrollo Territorial de la Naci\u00f3n, Luciano Scatolini, una nueva entrega de cr\u00e9ditos del programa federal \u201cCasa Propia\u201d junto a doce familias del distrito.<\/h5>\n<p dir=\"ltr\">La actividad se realiz\u00f3 en el Polideportivo Municipal, ubicado en el cruce de Quiroga y 25 de Mayo, donde las autoridades\u00a0realizaron la entrega formal de los cr\u00e9ditos pertenecientes a la l\u00ednea Procrear 2.<\/p>\n<p dir=\"ltr\"><strong>\u201cCon Mariano (Cascallares) hace seis a\u00f1os, pusimos en marcha una fuerte pol\u00edtica para fortalecer y potenciar el tejido social en Almirante Brown y esta pol\u00edtica de cr\u00e9ditos del Ministerio que encabeza Jorge Ferraresi es central\u201d, sostuvo Juan Fabiani.<\/strong><\/p>\n<p><img loading=\"lazy\" decoding=\"async\" class=\"alignnone wp-image-75092\" src=\"https:\/\/laurbedigital.com.ar\/noticias\/wp-content\/uploads\/2022\/04\/sueno3-1024x683.jpg\" alt=\"\" width=\"685\" height=\"457\" title=\"\" srcset=\"https:\/\/laurbedigital.com.ar\/noticias\/wp-content\/uploads\/2022\/04\/sueno3-1024x683.jpg 1024w, https:\/\/laurbedigital.com.ar\/noticias\/wp-content\/uploads\/2022\/04\/sueno3-300x200.jpg 300w, https:\/\/laurbedigital.com.ar\/noticias\/wp-content\/uploads\/2022\/04\/sueno3-768x512.jpg 768w, https:\/\/laurbedigital.com.ar\/noticias\/wp-content\/uploads\/2022\/04\/sueno3-1536x1024.jpg 1536w, https:\/\/laurbedigital.com.ar\/noticias\/wp-content\/uploads\/2022\/04\/sueno3.jpg 1600w\" sizes=\"auto, (max-width: 685px) 100vw, 685px\" \/><\/p>\n<p><strong>En este sentido, destac\u00f3 que \u201cen esta oportunidad con Luciano (Scatolini) acompa\u00f1\u00e1ndonos entregando m\u00e1s cr\u00e9ditos, siempre con el acompa\u00f1amiento del Gobierno Nacional\u201d. \u201cEs emocionante porque no hay nada que genere m\u00e1s certidumbre que tener el techo propio\u201d, complet\u00f3.<\/strong><\/p>\n<p><strong>Scatolini, en tanto, remarc\u00f3 \u201cel gran trabajo articulado con el Municipio de Almiarnte Brown\u201d y record\u00f3 que los cr\u00e9ditos \u201cson a tasa cero y van de la mano con el aumento salarial, lo que da previsibilidad a los a\u00f1os que demoren en pagarlo\u201d.<\/strong><\/p>\n<p><img loading=\"lazy\" decoding=\"async\" class=\"alignnone wp-image-75090\" src=\"https:\/\/laurbedigital.com.ar\/noticias\/wp-content\/uploads\/2022\/04\/sueno1-1024x683.jpg\" alt=\"\" width=\"689\" height=\"459\" title=\"\" srcset=\"https:\/\/laurbedigital.com.ar\/noticias\/wp-content\/uploads\/2022\/04\/sueno1-1024x683.jpg 1024w, https:\/\/laurbedigital.com.ar\/noticias\/wp-content\/uploads\/2022\/04\/sueno1-300x200.jpg 300w, https:\/\/laurbedigital.com.ar\/noticias\/wp-content\/uploads\/2022\/04\/sueno1-768x512.jpg 768w, https:\/\/laurbedigital.com.ar\/noticias\/wp-content\/uploads\/2022\/04\/sueno1-1536x1024.jpg 1536w, https:\/\/laurbedigital.com.ar\/noticias\/wp-content\/uploads\/2022\/04\/sueno1.jpg 1600w\" sizes=\"auto, (max-width: 689px) 100vw, 689px\" \/><\/p>\n<p>Cabe destacar que el programa federal \u201cCasa Propia\u201d, impulsado por el Ministerio de Desarrollo Territorial y H\u00e1bitat de la Naci\u00f3n, posibilita el acceso al cr\u00e9dito a tasa cero para la construcci\u00f3n de viviendas nuevas de hasta 60 metros cuadrados en lote propio o de familiar directo. Dichos cr\u00e9ditos hipotecarios se rigen por la f\u00f3rmula Hog.Ar y tienen una tasa fija del 0%.<\/p>\n<p>Del acto participaron tambi\u00e9n el secretario de Infraestructura, Planificaci\u00f3n y Servicios P\u00fablicos, Fernando Lorenzo; el secretario de Pol\u00edtica Ambiental y H\u00e1bitat, Ignacio Villaronga, y la subsecretaria de Tierras, Rosana Riccieri, entre otras autoridades.<\/p>\n<p dir=\"ltr\">\n","protected":false},"excerpt":{"rendered":"<p>El intendente interino de Almirante Brown, Juan Fabiani, encabez\u00f3 junto al secretario de Desarrollo Territorial de la Naci\u00f3n, Luciano Scatolini,<\/p>\n","protected":false},"author":1,"featured_media":75089,"comment_status":"closed","ping_status":"closed","sticky":false,"template":"","format":"standard","meta":{"kia_subtitle":"","footnotes":"","jetpack_publicize_message":"Nueva entrega de cr\u00e9ditos del programa \u201cCasa Propia\u201d junto a familias brownianas","jetpack_publicize_feature_enabled":true,"jetpack_social_post_already_shared":true,"jetpack_social_options":{"image_generator_settings":{"template":"highway","default_image_id":0,"font":"","enabled":false},"version":2}},"categories":[2,33],"tags":[],"class_list":["post-75088","post","type-post","status-publish","format-standard","has-post-thumbnail","hentry","category-alte-brown","category-alte-brown-alte-brown"],"jetpack_publicize_connections":[],"jetpack_featured_media_url":"https:\/\/laurbedigital.com.ar\/noticias\/wp-content\/uploads\/2022\/04\/20220426-Brown.jpg","_links":{"self":[{"href":"https:\/\/laurbedigital.com.ar\/noticias\/wp-json\/wp\/v2\/posts\/75088","targetHints":{"allow":["GET"]}}],"collection":[{"href":"https:\/\/laurbedigital.com.ar\/noticias\/wp-json\/wp\/v2\/posts"}],"about":[{"href":"https:\/\/laurbedigital.com.ar\/noticias\/wp-json\/wp\/v2\/types\/post"}],"author":[{"embeddable":true,"href":"https:\/\/laurbedigital.com.ar\/noticias\/wp-json\/wp\/v2\/users\/1"}],"replies":[{"embeddable":true,"href":"https:\/\/laurbedigital.com.ar\/noticias\/wp-json\/wp\/v2\/comments?post=75088"}],"version-history":[{"count":3,"href":"https:\/\/laurbedigital.com.ar\/noticias\/wp-json\/wp\/v2\/posts\/75088\/revisions"}],"predecessor-version":[{"id":75095,"href":"https:\/\/laurbedigital.com.ar\/noticias\/wp-json\/wp\/v2\/posts\/75088\/revisions\/75095"}],"wp:featuredmedia":[{"embeddable":true,"href":"https:\/\/laurbedigital.com.ar\/noticias\/wp-json\/wp\/v2\/media\/75089"}],"wp:attachment":[{"href":"https:\/\/laurbedigital.com.ar\/noticias\/wp-json\/wp\/v2\/media?parent=75088"}],"wp:term":[{"taxonomy":"category","embeddable":true,"href":"https:\/\/laurbedigital.com.ar\/noticias\/wp-json\/wp\/v2\/categories?post=75088"},{"taxonomy":"post_tag","embeddable":true,"href":"https:\/\/laurbedigital.com.ar\/noticias\/wp-json\/wp\/v2\/tags?post=75088"}],"curies":[{"name":"wp","href":"https:\/\/api.w.org\/{rel}","templated":true}]}}