{"id":74976,"date":"2022-04-25T11:36:00","date_gmt":"2022-04-25T14:36:00","guid":{"rendered":"https:\/\/laurbedigital.com.ar\/noticias\/?p=74976"},"modified":"2022-04-25T11:36:00","modified_gmt":"2022-04-25T14:36:00","slug":"kicillof-aplica-revision-y-reabre-la-discusion-salarial-con-estatales-el-proximo-3-de-mayo","status":"publish","type":"post","link":"https:\/\/laurbedigital.com.ar\/noticias\/2022\/04\/25\/kicillof-aplica-revision-y-reabre-la-discusion-salarial-con-estatales-el-proximo-3-de-mayo\/","title":{"rendered":"Kicillof aplica revisi\u00f3n y reabre la discusi\u00f3n salarial con estatales el pr\u00f3ximo 3 de mayo"},"content":{"rendered":"<p>&nbsp;<\/p>\n<h5>As\u00ed lo confirm\u00f3 la Asociaci\u00f3n de Trabajadores del Estado. Es la primera negociaci\u00f3n que se retoma tras los pedidos que tambi\u00e9n hicieron docentes, profesionales de la salud y judiciales.<\/h5>\n<p>El gobierno de Axel Kicillof reabrir\u00e1 las negociaciones paritarias con los gremios que representan a los trabajadores estatales enmarcados en la ley 10.430 el pr\u00f3ximo 3 de mayo, al aplicar la cl\u00e1usula de revisi\u00f3n por inflaci\u00f3n incluida en el \u00faltimo acuerdo entre las partes.<\/p>\n<p>La reapertura de las negociaciones fue confirmada por la Asociaci\u00f3n de Trabajadores del Estado (ATE) bonaerense a trav\u00e9s de un breve comunicado publicado en redes sociales.<\/p>\n<div id=\"sm-it-main-container-1650897115756\" class=\"sm-it-main-container\" data-it=\"37732bf0-363b-41c7-954b-43fb65e1c2db\" data-device=\"desktop\" data-index=\"0\">\n<div id=\"sm-reference-1650897115756\" class=\"sm-reference\"><strong>\u201cEn comunicaci\u00f3n telef\u00f3nica, la ministra de Trabajo, Mara Ruiz Malec, inform\u00f3 a nuestro secretario general Oscar De Isasi que la convocatoria a la discusi\u00f3n salarial mediante la cl\u00e1usula de revisi\u00f3n para los y las trabajadoras de la Ley 10.430 y docentes, ser\u00e1 el martes 3 de mayo en horario a confirmar\u201d, inform\u00f3 el sindicato.<\/strong><\/div>\n<\/div>\n<p>A poco m\u00e1s de un mes de haber llegado a un acuerdo de incremento salarial y tras la inflaci\u00f3n r\u00e9cord de marzo (del 6,7%), ATE y UPCN (los principales gremios que representan a los trabajadores de la administraci\u00f3n p\u00fablica central) hab\u00edan salido la semana pasada a pedir por la reapertura de las negociaciones.<\/p>\n<p>El acuerdo entre las partes firmado el mes pasado contempl\u00f3 un incremento del 40% para todos los trabajadores estatales enmarcados en la ley 10.430: 16% desde el 1 de marzo, 10% m\u00e1s desde los inicios de julio y otros 14% desde septiembre, con adicionales para auxiliares y para el sector de la salud. Adem\u00e1s, el Ejecutivo prometi\u00f3 una clausula de \u201crevisi\u00f3n\u201d por inflaci\u00f3n luego de que se conozcan los indicadores del cuarto bimestre y otra de \u201cseguimiento\u201d para \u201cfortalecer\u201d la \u201crecuperaci\u00f3n del salario\u201d.<\/p>\n<p>La inflaci\u00f3n de marzo del 6,7% (la m\u00e1s alta en la gesti\u00f3n de Alberto Fern\u00e1ndez), despert\u00f3 la una alerta entre los sindicatos. El viernes pasado UPCN present\u00f3 una nota en la que exigi\u00f3 por la \u201curgente\u201d convocatoria a la paritaria de la ley 10.430 al considerar que \u201cnadie preve\u00eda los \u00edndices inflacionarios posteriores al cierre que r\u00e1pidamente licuaron el primer tramo de aumento\u201d.<\/p>\n<p><strong>En tanto, el titular de ATE, Oscar de Isasi pidi\u00f3 que se aplique \u201cde manera urgente la cl\u00e1usula de revisi\u00f3n\u201d y se convoque a los sindicatos \u201cpara<\/strong> readecuar los porcentajes y tramos paritarios acordados oportunamente\u201d.<\/p>\n<p>La convocatoria a los estatales de la ley 10.430 es la primera que se confirma tras los pedidos de reapertura que tambi\u00e9n hicieron docentes, profesionales de la salud y judiciales. dib<\/p>\n","protected":false},"excerpt":{"rendered":"<p>&nbsp; As\u00ed lo confirm\u00f3 la Asociaci\u00f3n de Trabajadores del Estado. Es la primera negociaci\u00f3n que se retoma tras los pedidos<\/p>\n","protected":false},"author":1,"featured_media":74977,"comment_status":"closed","ping_status":"closed","sticky":false,"template":"","format":"standard","meta":{"kia_subtitle":"","footnotes":"","jetpack_publicize_message":"Kicillof aplica revisi\u00f3n y reabre la discusi\u00f3n salarial con estatales el pr\u00f3ximo 3 de mayo","jetpack_publicize_feature_enabled":true,"jetpack_social_post_already_shared":true,"jetpack_social_options":{"image_generator_settings":{"template":"highway","default_image_id":0,"font":"","enabled":false},"version":2}},"categories":[3,56],"tags":[],"class_list":["post-74976","post","type-post","status-publish","format-standard","has-post-thumbnail","hentry","category-actualidad","category-buenos-aires"],"jetpack_publicize_connections":[],"jetpack_featured_media_url":"https:\/\/laurbedigital.com.ar\/noticias\/wp-content\/uploads\/2022\/04\/20220425-Kicillof.jpg","_links":{"self":[{"href":"https:\/\/laurbedigital.com.ar\/noticias\/wp-json\/wp\/v2\/posts\/74976","targetHints":{"allow":["GET"]}}],"collection":[{"href":"https:\/\/laurbedigital.com.ar\/noticias\/wp-json\/wp\/v2\/posts"}],"about":[{"href":"https:\/\/laurbedigital.com.ar\/noticias\/wp-json\/wp\/v2\/types\/post"}],"author":[{"embeddable":true,"href":"https:\/\/laurbedigital.com.ar\/noticias\/wp-json\/wp\/v2\/users\/1"}],"replies":[{"embeddable":true,"href":"https:\/\/laurbedigital.com.ar\/noticias\/wp-json\/wp\/v2\/comments?post=74976"}],"version-history":[{"count":2,"href":"https:\/\/laurbedigital.com.ar\/noticias\/wp-json\/wp\/v2\/posts\/74976\/revisions"}],"predecessor-version":[{"id":74979,"href":"https:\/\/laurbedigital.com.ar\/noticias\/wp-json\/wp\/v2\/posts\/74976\/revisions\/74979"}],"wp:featuredmedia":[{"embeddable":true,"href":"https:\/\/laurbedigital.com.ar\/noticias\/wp-json\/wp\/v2\/media\/74977"}],"wp:attachment":[{"href":"https:\/\/laurbedigital.com.ar\/noticias\/wp-json\/wp\/v2\/media?parent=74976"}],"wp:term":[{"taxonomy":"category","embeddable":true,"href":"https:\/\/laurbedigital.com.ar\/noticias\/wp-json\/wp\/v2\/categories?post=74976"},{"taxonomy":"post_tag","embeddable":true,"href":"https:\/\/laurbedigital.com.ar\/noticias\/wp-json\/wp\/v2\/tags?post=74976"}],"curies":[{"name":"wp","href":"https:\/\/api.w.org\/{rel}","templated":true}]}}