{"id":74754,"date":"2022-04-21T11:11:52","date_gmt":"2022-04-21T14:11:52","guid":{"rendered":"https:\/\/laurbedigital.com.ar\/noticias\/?p=74754"},"modified":"2022-04-21T11:11:52","modified_gmt":"2022-04-21T14:11:52","slug":"el-presidente-pondra-en-marcha-en-vaca-muerta-las-obras-del-gasoducto-nestor-kirchner","status":"publish","type":"post","link":"https:\/\/laurbedigital.com.ar\/noticias\/2022\/04\/21\/el-presidente-pondra-en-marcha-en-vaca-muerta-las-obras-del-gasoducto-nestor-kirchner\/","title":{"rendered":"El Presidente pondr\u00e1 en marcha en Vaca Muerta las obras del gasoducto N\u00e9stor Kirchner"},"content":{"rendered":"<p>&nbsp;<\/p>\n<h5>Alberto Fern\u00e1ndez visita las operaciones de la petrolera YPF en la provincia del Neuqu\u00e9n. En el \u00e1rea Loma Campana dar\u00e1n comienzo a una construcci\u00f3n fundamental para ampliar la capacidad de transporte del gas.<\/h5>\n<p>El presidente Alberto Fern\u00e1ndez visitar\u00e1 este jueves las operaciones de la petrolera YPF en Vaca Muerta, provincia del Neuqu\u00e9n, para dar comienzo a la construcci\u00f3n del Gasoducto Troncal N\u00e9stor Kirchner,\u00a0<strong>una obra que el Gobierno nacional considera fundamental para poder ampliar la capacidad de transporte del gas incremental que se proyecta de esa formaci\u00f3n no convencional<\/strong>, se inform\u00f3 oficialmente.<\/p>\n<p>El acto est\u00e1 previsto para las 12 en el \u00e1rea Loma Campana, un lugar emblem\u00e1tico no s\u00f3lo por ser la mayor operaci\u00f3n del no convencional de la compa\u00f1\u00eda, sino tambi\u00e9n porque marc\u00f3 el comienzo de los desarrollos masivos en la formaci\u00f3n tras el acuerdo con la estadounidense Chevron, a 10 a\u00f1os de la recuperaci\u00f3n del control estatal de la compa\u00f1\u00eda durante la gesti\u00f3n de la ex presidenta Cristina Fern\u00e1ndez de Kirchner.<\/p>\n<p>All\u00ed, junto al presidente\u00a0<strong>se espera la presencia del gobernador de Neuqu\u00e9n, Omar Guti\u00e9rrez<\/strong>,\u00a0<strong>autoridades nacionales, gobernadores de las provincias productoras de hidrocarburos,<\/strong>\u00a0representantes de los trabajadores y trabajadoras, directivos de las empresas productoras y autoridades de YPF.<\/p>\n<p>Fuentes oficiales precisaron que durante el encuentro en Vaca Muerta se anunciar\u00e1 formalmente la construcci\u00f3n del gasoducto N\u00e9stor Kirchner,\u00a0<strong>la mayor obra energ\u00e9tica de la actual gesti\u00f3n y la m\u00e1s importante de los \u00faltimos 40 a\u00f1os en materia de transporte de gas natural por ductos,<\/strong>\u00a0lo que resultar\u00e1 fundamental para ampliar la capacidad de evacuaci\u00f3n del gas no convencional.<\/p>\n<p>&nbsp;<\/p>\n<h4><strong>El nuevo ducto<\/strong><\/h4>\n<p><strong>El nuevo gasoducto de 558 kil\u00f3metros de extensi\u00f3n va a ser construido en dos etapas,<\/strong>\u00a0de las cuales se pondr\u00e1 en marcha la primera que contempla el trazado entre el punto de ingreso en la localidad neuquina de Tratay\u00e9n hasta la localidad del oeste bonaerense de Salliquel\u00f3.<\/p>\n<p>El nuevo ducto\u00a0<strong>permitir\u00e1 incrementar la capacidad de transporte en 24MMm3\/d\u00eda con un costo aproximado de US$ 1.500 millones<\/strong>\u00a0y ser\u00e1 f<strong>inanciado con fondos del tesoro, y del Aporte Solidario de las grandes riquezas.<\/strong><\/p>\n<p><strong>La segunda etapa<\/strong>\u00a0permitir\u00e1 llegar con gas natural al sur de la provincia de Santa Fe, en la localidad de San Jer\u00f3nimo, lo que abrir\u00e1 la posibilidad de llegar a grandes centros urbanos e industrias del centro y norte del pa\u00eds, como as\u00ed tambi\u00e9n la posibilidad de exportaci\u00f3n a Brasil y norte de Chile.<\/p>\n<p>&nbsp;<\/p>\n<p>&nbsp;<\/p>\n","protected":false},"excerpt":{"rendered":"<p>&nbsp; Alberto Fern\u00e1ndez visita las operaciones de la petrolera YPF en la provincia del Neuqu\u00e9n. En el \u00e1rea Loma Campana<\/p>\n","protected":false},"author":1,"featured_media":74755,"comment_status":"closed","ping_status":"closed","sticky":false,"template":"","format":"standard","meta":{"kia_subtitle":"","footnotes":"","jetpack_publicize_message":"El Presidente pondr\u00e1 en marcha en Vaca Muerta las obras del gasoducto N\u00e9stor Kirchner","jetpack_publicize_feature_enabled":true,"jetpack_social_post_already_shared":true,"jetpack_social_options":{"image_generator_settings":{"template":"highway","default_image_id":0,"font":"","enabled":false},"version":2}},"categories":[3,41],"tags":[],"class_list":["post-74754","post","type-post","status-publish","format-standard","has-post-thumbnail","hentry","category-actualidad","category-nacionales"],"jetpack_publicize_connections":[],"jetpack_featured_media_url":"https:\/\/laurbedigital.com.ar\/noticias\/wp-content\/uploads\/2022\/04\/20220421-Alberto-YPF-gasoducto.jpg","_links":{"self":[{"href":"https:\/\/laurbedigital.com.ar\/noticias\/wp-json\/wp\/v2\/posts\/74754","targetHints":{"allow":["GET"]}}],"collection":[{"href":"https:\/\/laurbedigital.com.ar\/noticias\/wp-json\/wp\/v2\/posts"}],"about":[{"href":"https:\/\/laurbedigital.com.ar\/noticias\/wp-json\/wp\/v2\/types\/post"}],"author":[{"embeddable":true,"href":"https:\/\/laurbedigital.com.ar\/noticias\/wp-json\/wp\/v2\/users\/1"}],"replies":[{"embeddable":true,"href":"https:\/\/laurbedigital.com.ar\/noticias\/wp-json\/wp\/v2\/comments?post=74754"}],"version-history":[{"count":2,"href":"https:\/\/laurbedigital.com.ar\/noticias\/wp-json\/wp\/v2\/posts\/74754\/revisions"}],"predecessor-version":[{"id":74757,"href":"https:\/\/laurbedigital.com.ar\/noticias\/wp-json\/wp\/v2\/posts\/74754\/revisions\/74757"}],"wp:featuredmedia":[{"embeddable":true,"href":"https:\/\/laurbedigital.com.ar\/noticias\/wp-json\/wp\/v2\/media\/74755"}],"wp:attachment":[{"href":"https:\/\/laurbedigital.com.ar\/noticias\/wp-json\/wp\/v2\/media?parent=74754"}],"wp:term":[{"taxonomy":"category","embeddable":true,"href":"https:\/\/laurbedigital.com.ar\/noticias\/wp-json\/wp\/v2\/categories?post=74754"},{"taxonomy":"post_tag","embeddable":true,"href":"https:\/\/laurbedigital.com.ar\/noticias\/wp-json\/wp\/v2\/tags?post=74754"}],"curies":[{"name":"wp","href":"https:\/\/api.w.org\/{rel}","templated":true}]}}