{"id":7471,"date":"2017-06-06T21:57:25","date_gmt":"2017-06-07T00:57:25","guid":{"rendered":"http:\/\/laurbedigital.com.ar\/noticias\/?p=7471"},"modified":"2017-06-06T21:57:25","modified_gmt":"2017-06-07T00:57:25","slug":"los-profesionales-de-la-salud-retoman-los-paros-contra-vidal","status":"publish","type":"post","link":"https:\/\/laurbedigital.com.ar\/noticias\/2017\/06\/06\/los-profesionales-de-la-salud-retoman-los-paros-contra-vidal\/","title":{"rendered":"Los profesionales de la salud retoman los paros contra Vidal"},"content":{"rendered":"<p>As\u00ed lo defini\u00f3 el Congreso Provincial de Delegados en rechazo a la primera propuesta paritaria de 2017 del gobierno bonaerense, que fue de 18% en cuatro cuotas.<\/p>\n<p>La Asociaci\u00f3n Sindical de Profesionales de la Salud de la Provincia de Buenos Aires (CICOP) realizar\u00e1 un paro de 24 horas este jueves 8, en rechazo a la primera propuesta paritaria de 2017 realizada el pasado martes 30 de mayo por el gobierno de Mar\u00eda Eugenia Vidal.<\/p>\n<p>El Ejecutivo provincial ofreci\u00f3 un 2,5 por ciento de incremento para compensar la inflaci\u00f3n del cuarto trimestre de 2016 y 18 por ciento en 4 cuotas para este a\u00f1o, algo que los 10 mil m\u00e9dicos y profesionales de la salud de los 80 hospitales bonaerenses, m\u00e1s hospitales municipales y centro de salud consideraran \u00abclaramente insuficiente\u00bb.<\/p>\n<p>Tras el rechazo, los representantes gremiales se reunieron en Congreso de Delegados Provincial y definieron retomar el plan de lucha que ya lleva este a\u00f1o 20 d\u00edas de paro a lo largo de trece medidas de fuerza en las que solo hubo atenci\u00f3n de emergencias por guardia y a pacientes internados, con un total de siete paros de 48 horas y seis de 24.<\/p>\n<p>Al respecto, el presidente de la CICOP, Fernando Corsiglia, precis\u00f3: \u00abDurante el paro de este jueves 8 de junio realizaremos adem\u00e1s acciones locales y regionales relacionadas con los hospitales y centros de salud. Al mismo tiempo, definimos que las siguientes dos semanas tendremos jornadas de lucha con actividades junto a otros gremios provinciales y a la CTA. Esto es el mi\u00e9rcoles 14 de junio y el siguiente mi\u00e9rcoles, 21 de junio\u00bb.<\/p>\n<p>\u00abLa decisi\u00f3n que tom\u00f3 el Congreso de CICOP tiene relaci\u00f3n directa con la propuesta notablemente insuficiente que realizara con respecto a lo salarial el gobierno de la provincia de Buenos Aires encabezado por Mar\u00eda Eugenia Vidal, y con la falta de resoluci\u00f3n de las diversas problem\u00e1ticas que hoy asolan cr\u00edticamente el sistema de salud en la provincia y generan que la situaci\u00f3n de los trabajadores de la salud y fundamentalmente de los pacientes est\u00e9 en una grave situaci\u00f3n de cuidado de salud\u00bb.<\/p>\n<p>MG<\/p>\n","protected":false},"excerpt":{"rendered":"<p>As\u00ed lo defini\u00f3 el Congreso Provincial de Delegados en rechazo a la primera propuesta paritaria de 2017 del gobierno bonaerense,<\/p>\n","protected":false},"author":1,"featured_media":7472,"comment_status":"closed","ping_status":"closed","sticky":false,"template":"","format":"standard","meta":{"kia_subtitle":"","footnotes":"","jetpack_publicize_message":"","jetpack_publicize_feature_enabled":true,"jetpack_social_post_already_shared":true,"jetpack_social_options":{"image_generator_settings":{"template":"highway","default_image_id":0,"font":"","enabled":false},"version":2}},"categories":[3,56,39,41],"tags":[],"class_list":["post-7471","post","type-post","status-publish","format-standard","has-post-thumbnail","hentry","category-actualidad","category-buenos-aires","category-gremios","category-nacionales"],"jetpack_publicize_connections":[],"jetpack_featured_media_url":"https:\/\/laurbedigital.com.ar\/noticias\/wp-content\/uploads\/2017\/06\/20170606-nac2.jpg","_links":{"self":[{"href":"https:\/\/laurbedigital.com.ar\/noticias\/wp-json\/wp\/v2\/posts\/7471","targetHints":{"allow":["GET"]}}],"collection":[{"href":"https:\/\/laurbedigital.com.ar\/noticias\/wp-json\/wp\/v2\/posts"}],"about":[{"href":"https:\/\/laurbedigital.com.ar\/noticias\/wp-json\/wp\/v2\/types\/post"}],"author":[{"embeddable":true,"href":"https:\/\/laurbedigital.com.ar\/noticias\/wp-json\/wp\/v2\/users\/1"}],"replies":[{"embeddable":true,"href":"https:\/\/laurbedigital.com.ar\/noticias\/wp-json\/wp\/v2\/comments?post=7471"}],"version-history":[{"count":1,"href":"https:\/\/laurbedigital.com.ar\/noticias\/wp-json\/wp\/v2\/posts\/7471\/revisions"}],"predecessor-version":[{"id":7473,"href":"https:\/\/laurbedigital.com.ar\/noticias\/wp-json\/wp\/v2\/posts\/7471\/revisions\/7473"}],"wp:featuredmedia":[{"embeddable":true,"href":"https:\/\/laurbedigital.com.ar\/noticias\/wp-json\/wp\/v2\/media\/7472"}],"wp:attachment":[{"href":"https:\/\/laurbedigital.com.ar\/noticias\/wp-json\/wp\/v2\/media?parent=7471"}],"wp:term":[{"taxonomy":"category","embeddable":true,"href":"https:\/\/laurbedigital.com.ar\/noticias\/wp-json\/wp\/v2\/categories?post=7471"},{"taxonomy":"post_tag","embeddable":true,"href":"https:\/\/laurbedigital.com.ar\/noticias\/wp-json\/wp\/v2\/tags?post=7471"}],"curies":[{"name":"wp","href":"https:\/\/api.w.org\/{rel}","templated":true}]}}