{"id":74588,"date":"2022-04-19T10:54:38","date_gmt":"2022-04-19T13:54:38","guid":{"rendered":"https:\/\/laurbedigital.com.ar\/noticias\/?p=74588"},"modified":"2022-04-19T10:54:38","modified_gmt":"2022-04-19T13:54:38","slug":"el-municipio-de-almirante-brown-potencia-las-estaciones-de-reciclado-en-las-localidades","status":"publish","type":"post","link":"https:\/\/laurbedigital.com.ar\/noticias\/2022\/04\/19\/el-municipio-de-almirante-brown-potencia-las-estaciones-de-reciclado-en-las-localidades\/","title":{"rendered":"El Municipio de Almirante Brown potencia las Estaciones de Reciclado en las localidades"},"content":{"rendered":"<div>\n<div dir=\"ltr\"><\/div>\n<h5 dir=\"ltr\">El Municipio de Almirante Brown anunci\u00f3 que est\u00e1n en funcionamiento Estaciones de Reciclado en las localidades del distrito, donde los vecinos y vecinas pueden acercar sus materiales reciclables para que luego sean recogidos por las cooperativas de recuperadores urbanos, todo en el marco de potenciar las pol\u00edticas p\u00fablicas orientadas a cuidar el medioambiente de forma proactiva y responsable junto a la comunidad.<\/h5>\n<div dir=\"ltr\">\n<p>Desde la Secretar\u00eda de Pol\u00edtica Ambiental y H\u00e1bitat local indicaron que en estos puntos de recepci\u00f3n pueden acercarse distintos materiales, entre ellos papeles (blanco o de color, revistas, diarios, fotocopias y folletos), pl\u00e1sticos (botellas, bazar, tapitas, bolsas y sachets), cartones (cajas, bolsas o maples), vidrios (envasas de color o transparentes, frascos y botellas) y metales (latas, aerosoles, llaves, candados o desodorantes, entre otros).<\/p>\n<p><strong>\u201cPara nosotros es trascendental avanzar hacia un Almirante Brown con conciencia ambiental. Por eso creamos y potenciamos distintos programas e iniciativas como las Estaciones de Reciclado, los Cestos Soterrados y la recolecci\u00f3n diferenciada en domicilios y centros urbanos, entre otros\u201d, sostuvo el intendente interino, Juan Fabiani,<\/strong> quien destac\u00f3 el crecimiento del programa Brown Verde con el que se impulsan pol\u00edticas p\u00fablicas para el cuidado del medio ambiente.<\/p>\n<p>En este sentido se expres\u00f3 tambi\u00e9n el diputado provincial <strong>Mariano Cascallares, quien apunt\u00f3: \u201cNuestro distrito es un verdadero pulm\u00f3n verde dentro del Conurbano y estamos convencidos de que todas las iniciativas que podamos impulsar para preservarlo y potenciarlo son vitales, siempre pensando en mejorar la calidad de vida de nuestros vecinos y vecinas\u201d.<\/p>\n<p><\/strong><\/p>\n<\/div>\n<div dir=\"ltr\"><img loading=\"lazy\" decoding=\"async\" class=\"alignnone  wp-image-74590\" src=\"https:\/\/laurbedigital.com.ar\/noticias\/wp-content\/uploads\/2022\/04\/residuos1.jpg\" alt=\"\" width=\"689\" height=\"459\" title=\"\" srcset=\"https:\/\/laurbedigital.com.ar\/noticias\/wp-content\/uploads\/2022\/04\/residuos1.jpg 1600w, https:\/\/laurbedigital.com.ar\/noticias\/wp-content\/uploads\/2022\/04\/residuos1-300x200.jpg 300w, https:\/\/laurbedigital.com.ar\/noticias\/wp-content\/uploads\/2022\/04\/residuos1-1024x683.jpg 1024w, https:\/\/laurbedigital.com.ar\/noticias\/wp-content\/uploads\/2022\/04\/residuos1-768x512.jpg 768w, https:\/\/laurbedigital.com.ar\/noticias\/wp-content\/uploads\/2022\/04\/residuos1-1536x1024.jpg 1536w\" sizes=\"auto, (max-width: 689px) 100vw, 689px\" \/><\/div>\n<h4 dir=\"ltr\"><strong>Los puntos son:<\/strong><\/h4>\n<p dir=\"ltr\"><strong>Adrogu\u00e9<\/strong><\/p>\n<p dir=\"ltr\">Cestos de Separaci\u00f3n Soterrados<\/p>\n<p dir=\"ltr\">Av. Espora y Est. Adrogu\u00e9 \/ Ex Colegio Nacional<\/p>\n<p dir=\"ltr\">Estaci\u00f3n de Reciclado<\/p>\n<p dir=\"ltr\">H. Yrigoyen 13.500 \/ Supermercado Carrefour<\/p>\n<p dir=\"ltr\"><strong>Burzaco<\/strong><\/p>\n<p dir=\"ltr\">Estaci\u00f3n de Reciclado<\/p>\n<p dir=\"ltr\">Alsina y Mart\u00edn Fierro \/ Eco Parque N\u00e9stor Kirchner<\/p>\n<p dir=\"ltr\">Olinda Boz\u00e1n y Pablo Podest\u00e1 \/ Plaza Jap\u00f3n<\/p>\n<p dir=\"ltr\">Sempere y Terrero \/Plaza San Cayetano<\/p>\n<p dir=\"ltr\"><strong>Longchamps<\/strong><\/p>\n<p dir=\"ltr\">Estaci\u00f3n de Reciclado<\/p>\n<p dir=\"ltr\">La Aviaci\u00f3n y Bol\u00edvar \/ Circuito Aer\u00f3bico Longchamps<\/p>\n<p dir=\"ltr\">Estaci\u00f3n FFCC<\/p>\n<div><strong>San Francisco de As\u00eds (Don Orione)<\/strong><\/div>\n<p dir=\"ltr\">Estaci\u00f3n de Reciclado<\/p>\n<p dir=\"ltr\">Sarcione, Gardel, Paz y C\u00f3rdoba \/ Plaza Ra\u00fal Alfons\u00edn<\/p>\n<div><strong>Rafael Calzada<\/strong><\/div>\n<p dir=\"ltr\">Estaci\u00f3n de Reciclado<\/p>\n<p dir=\"ltr\">Rivadavia, Col\u00f3n, Mart\u00edn Ar\u00edn y Lavalle \/ Plaza 25 de Mayo<\/p>\n<div><strong>Jos\u00e9 M\u00e1rmol<\/strong><\/div>\n<p dir=\"ltr\">Estaci\u00f3n de Reciclado<\/p>\n<p dir=\"ltr\">Canale y Molina<\/p>\n<p dir=\"ltr\"><strong>Glew<\/strong><\/p>\n<p dir=\"ltr\">Estaci\u00f3n de Reciclado<\/p>\n<p dir=\"ltr\">H. Yrigoyen 20.260 \/ Supermercado Carrefour<\/p>\n<p dir=\"ltr\">Jorge Newberry e\/ Paz y Patria \/ Circuito H. Durando<\/p>\n<p dir=\"ltr\"><strong>Claypole<\/strong><\/p>\n<p dir=\"ltr\">Estaci\u00f3n de Reciclado<\/p>\n<p dir=\"ltr\">Av. 17 de Octubre y Jos\u00e9 Rucci \/ Estaci\u00f3n del FFCC<\/p>\n<div dir=\"ltr\"><strong>Solano<\/strong><\/div>\n<p dir=\"ltr\">Estaci\u00f3n de Reciclado<\/p>\n<p dir=\"ltr\">Nardo, Margarita, Rosa y Clavel \/ Plaza 13 de Julio<\/p>\n<p dir=\"ltr\"><strong>Malvinas Argentinas<\/strong><\/p>\n<p dir=\"ltr\">Estaci\u00f3n de Reciclado<\/p>\n<p dir=\"ltr\">Pedro Echag\u00fce y Serrano \/ Plaza Puerto Argentino<\/p>\n<p dir=\"ltr\">Finalmente, desde la Comuna indicaron que para mayor informaci\u00f3n, los vecinos y vecinas pueden comunicarse a trav\u00e9s del mail: <a href=\"mailto:politicaambiental@brown.gob.ar\" target=\"_blank\" rel=\"nofollow noopener\">politicaambiental@brown.gob.ar<\/a><\/p>\n<\/div>\n<div class=\"yj6qo\"><\/div>\n<div class=\"adL\"><\/div>\n","protected":false},"excerpt":{"rendered":"<p>El Municipio de Almirante Brown anunci\u00f3 que est\u00e1n en funcionamiento Estaciones de Reciclado en las localidades del distrito, donde los<\/p>\n","protected":false},"author":1,"featured_media":74589,"comment_status":"closed","ping_status":"closed","sticky":false,"template":"","format":"standard","meta":{"kia_subtitle":"","footnotes":"","jetpack_publicize_message":"","jetpack_publicize_feature_enabled":true,"jetpack_social_post_already_shared":true,"jetpack_social_options":{"image_generator_settings":{"template":"highway","default_image_id":0,"font":"","enabled":false},"version":2}},"categories":[2,33],"tags":[],"class_list":["post-74588","post","type-post","status-publish","format-standard","has-post-thumbnail","hentry","category-alte-brown","category-alte-brown-alte-brown"],"jetpack_publicize_connections":[],"jetpack_featured_media_url":"https:\/\/laurbedigital.com.ar\/noticias\/wp-content\/uploads\/2022\/04\/20220419-Brown-Estaciones-de-Reciclado.jpg","_links":{"self":[{"href":"https:\/\/laurbedigital.com.ar\/noticias\/wp-json\/wp\/v2\/posts\/74588","targetHints":{"allow":["GET"]}}],"collection":[{"href":"https:\/\/laurbedigital.com.ar\/noticias\/wp-json\/wp\/v2\/posts"}],"about":[{"href":"https:\/\/laurbedigital.com.ar\/noticias\/wp-json\/wp\/v2\/types\/post"}],"author":[{"embeddable":true,"href":"https:\/\/laurbedigital.com.ar\/noticias\/wp-json\/wp\/v2\/users\/1"}],"replies":[{"embeddable":true,"href":"https:\/\/laurbedigital.com.ar\/noticias\/wp-json\/wp\/v2\/comments?post=74588"}],"version-history":[{"count":2,"href":"https:\/\/laurbedigital.com.ar\/noticias\/wp-json\/wp\/v2\/posts\/74588\/revisions"}],"predecessor-version":[{"id":74592,"href":"https:\/\/laurbedigital.com.ar\/noticias\/wp-json\/wp\/v2\/posts\/74588\/revisions\/74592"}],"wp:featuredmedia":[{"embeddable":true,"href":"https:\/\/laurbedigital.com.ar\/noticias\/wp-json\/wp\/v2\/media\/74589"}],"wp:attachment":[{"href":"https:\/\/laurbedigital.com.ar\/noticias\/wp-json\/wp\/v2\/media?parent=74588"}],"wp:term":[{"taxonomy":"category","embeddable":true,"href":"https:\/\/laurbedigital.com.ar\/noticias\/wp-json\/wp\/v2\/categories?post=74588"},{"taxonomy":"post_tag","embeddable":true,"href":"https:\/\/laurbedigital.com.ar\/noticias\/wp-json\/wp\/v2\/tags?post=74588"}],"curies":[{"name":"wp","href":"https:\/\/api.w.org\/{rel}","templated":true}]}}