{"id":74410,"date":"2022-04-15T22:26:24","date_gmt":"2022-04-16T01:26:24","guid":{"rendered":"https:\/\/laurbedigital.com.ar\/noticias\/?p=74410"},"modified":"2022-04-15T22:31:01","modified_gmt":"2022-04-16T01:31:01","slug":"se-renueva-el-programa-mi-moto-para-adquirir-unidades-hasta-en-48-cuotas","status":"publish","type":"post","link":"https:\/\/laurbedigital.com.ar\/noticias\/2022\/04\/15\/se-renueva-el-programa-mi-moto-para-adquirir-unidades-hasta-en-48-cuotas\/","title":{"rendered":"Se renueva el programa \u00abMi Moto\u00bb para adquirir unidades hasta en 48 cuotas"},"content":{"rendered":"<p>&nbsp;<\/p>\n<h5>El lunes se lanza la d\u00e9cimo segunda etapa del plan que sostiene la posibilidad de compra de alguno de los\u00a042 modelos de motos nacionales de las 13 marcas que participan.<\/h5>\n<p>El\u00a0<strong>programa \u201cMi Moto\u201d<\/strong>\u00a0para la adquisici\u00f3n de veh\u00edculos nacionales en hasta 48 cuotas, comenzar\u00e1 una nueva etapa el lunes a trav\u00e9s del Banco Naci\u00f3n, con un aumento en el monto m\u00e1ximo a financiar que\u00a0<strong>pasar\u00e1 a los $300.000<\/strong>.<\/p>\n<p>La C\u00e1mara de Fabricantes de Motoveh\u00edculos (Cafam), que re\u00fane a las terminales del pa\u00eds, anunci\u00f3 que esta es la d\u00e9cimo segunda etapa del programa, el cual\u00a0<strong>mantiene las condiciones de compra hasta en 48 cuotas<\/strong>, mediante el sistema de amortizaci\u00f3n franc\u00e9s y alcanzando a todos los usuarios, clientes o no, del Banco Naci\u00f3n.<\/p>\n<p>\u00abMediante este plan buscamos\u00a0<strong>continuar apoyando\u00a0<\/strong>el aumento de ventas de motoveh\u00edculos<strong>\u00a0de origen nacional<\/strong>, como se viene dando este \u00faltimo tiempo\u201d, dijo Lino Stefanuto, presidente de Cafam, a trav\u00e9s de un comunicado.<\/p>\n<p>Sin embargo, el directivo destac\u00f3 que\u00a0<strong>\u00abes muy importante seguir trabajando con el Gobierno nacional\u00a0<\/strong>para acordar mayores incentivos para la producci\u00f3n local para fomentar la industria y avanzar en los proyectos que est\u00e1n en marcha\u00bb.<\/p>\n<p><img loading=\"lazy\" decoding=\"async\" class=\"alignnone wp-image-74412\" src=\"https:\/\/laurbedigital.com.ar\/noticias\/wp-content\/uploads\/2022\/04\/20220415-Motos1.jpg\" alt=\"\" width=\"669\" height=\"373\" title=\"\" srcset=\"https:\/\/laurbedigital.com.ar\/noticias\/wp-content\/uploads\/2022\/04\/20220415-Motos1.jpg 768w, https:\/\/laurbedigital.com.ar\/noticias\/wp-content\/uploads\/2022\/04\/20220415-Motos1-300x167.jpg 300w\" sizes=\"auto, (max-width: 669px) 100vw, 669px\" \/><\/p>\n<p>Las\u00a0<strong>13 marcas que participan<\/strong>\u00a0del plan son Corven, Bajaj, Brava, Keller, Gilera, Honda, Mondial, Motomel, Suzuki, Guerrero, Okonoi, Zanella y Kiden.<\/p>\n<p>Hasta el momento, el programa incluye\u00a0<strong>42 modelos de motos nacionales<\/strong>\u00a0de esas marcas, que podr\u00e1n comprarse en hasta 48 cuotas con una<strong>\u00a0tasa fija subsidiada del 19,50% para clientes sueldo BNA; y para no clientes 29,50%<\/strong>.<\/p>\n<p>\u201cEs importante mantener este tipo de herramientas para permitir el acceso de m\u00e1s usuarios a nuestros veh\u00edculos\u201d, dijo Stefauto.<\/p>\n<p>El patentamiento de motos se ubic\u00f3<strong>\u00a0en marzo<\/strong>\u00a0en torno a las\u00a0<strong>45.000 unidades<\/strong>, con un\u00a0<strong>crecimiento de 30%<\/strong>\u00a0en relaci\u00f3n al mismo mes de 2021, seg\u00fan registro de la propia Cafam.<\/p>\n<p>Durante el a\u00f1o pasado se patentaron 393.059 unidades, 44,9% m\u00e1s que en el 2020, cuando las restricciones para combatir la pandemia afectaron a toda la econom\u00eda. t\u00e9lam<\/p>\n<p>&nbsp;<\/p>\n<p>&nbsp;<\/p>\n","protected":false},"excerpt":{"rendered":"<p>&nbsp; El lunes se lanza la d\u00e9cimo segunda etapa del plan que sostiene la posibilidad de compra de alguno de<\/p>\n","protected":false},"author":1,"featured_media":74411,"comment_status":"closed","ping_status":"closed","sticky":false,"template":"","format":"standard","meta":{"kia_subtitle":"","footnotes":"","jetpack_publicize_message":"Se renueva el programa \"Mi Moto\" para adquirir unidades hasta en 48 cuotas","jetpack_publicize_feature_enabled":true,"jetpack_social_post_already_shared":true,"jetpack_social_options":{"image_generator_settings":{"template":"highway","default_image_id":0,"font":"","enabled":false},"version":2}},"categories":[3,41],"tags":[],"class_list":["post-74410","post","type-post","status-publish","format-standard","has-post-thumbnail","hentry","category-actualidad","category-nacionales"],"jetpack_publicize_connections":[],"jetpack_featured_media_url":"https:\/\/laurbedigital.com.ar\/noticias\/wp-content\/uploads\/2022\/04\/20220415-Motos.jpg","_links":{"self":[{"href":"https:\/\/laurbedigital.com.ar\/noticias\/wp-json\/wp\/v2\/posts\/74410","targetHints":{"allow":["GET"]}}],"collection":[{"href":"https:\/\/laurbedigital.com.ar\/noticias\/wp-json\/wp\/v2\/posts"}],"about":[{"href":"https:\/\/laurbedigital.com.ar\/noticias\/wp-json\/wp\/v2\/types\/post"}],"author":[{"embeddable":true,"href":"https:\/\/laurbedigital.com.ar\/noticias\/wp-json\/wp\/v2\/users\/1"}],"replies":[{"embeddable":true,"href":"https:\/\/laurbedigital.com.ar\/noticias\/wp-json\/wp\/v2\/comments?post=74410"}],"version-history":[{"count":3,"href":"https:\/\/laurbedigital.com.ar\/noticias\/wp-json\/wp\/v2\/posts\/74410\/revisions"}],"predecessor-version":[{"id":74415,"href":"https:\/\/laurbedigital.com.ar\/noticias\/wp-json\/wp\/v2\/posts\/74410\/revisions\/74415"}],"wp:featuredmedia":[{"embeddable":true,"href":"https:\/\/laurbedigital.com.ar\/noticias\/wp-json\/wp\/v2\/media\/74411"}],"wp:attachment":[{"href":"https:\/\/laurbedigital.com.ar\/noticias\/wp-json\/wp\/v2\/media?parent=74410"}],"wp:term":[{"taxonomy":"category","embeddable":true,"href":"https:\/\/laurbedigital.com.ar\/noticias\/wp-json\/wp\/v2\/categories?post=74410"},{"taxonomy":"post_tag","embeddable":true,"href":"https:\/\/laurbedigital.com.ar\/noticias\/wp-json\/wp\/v2\/tags?post=74410"}],"curies":[{"name":"wp","href":"https:\/\/api.w.org\/{rel}","templated":true}]}}