{"id":74263,"date":"2022-04-12T20:23:34","date_gmt":"2022-04-12T23:23:34","guid":{"rendered":"https:\/\/laurbedigital.com.ar\/noticias\/?p=74263"},"modified":"2022-04-12T20:23:34","modified_gmt":"2022-04-12T23:23:34","slug":"la-oms-vigila-dos-nuevos-linajes-de-la-variante-omicron-de-coronavirus","status":"publish","type":"post","link":"https:\/\/laurbedigital.com.ar\/noticias\/2022\/04\/12\/la-oms-vigila-dos-nuevos-linajes-de-la-variante-omicron-de-coronavirus\/","title":{"rendered":"La OMS vigila dos nuevos linajes de la variante \u00d3micron de coronavirus"},"content":{"rendered":"<p>&nbsp;<\/p>\n<h5 class=\"block__headline\">El organismo est\u00e1 colaborando con los cient\u00edficos para comprender mejor su propagaci\u00f3n actual, as\u00ed como cualquier impacto potencial que puedan tener estas dos nuevas mutaciones de \u00d3micron, la variante m\u00e1s contagiosa del SARS-CoV2.<\/h5>\n<p class=\"block__headline\">La Organizaci\u00f3n Mundial de la Salud inform\u00f3 hoy que est\u00e1 siguiendo dos nuevos linajes de la variante \u00d3micron (BA.4 y BA.5), cuyas mutaciones adicionales \u201cdeben estudiarse m\u00e1s a fondo para comprender su impacto en el potencial de escape inmunol\u00f3gico\u201d y pidi\u00f3 a los pa\u00edses que \u201csigan colaborando y compartiendo sus datos sobre la pandemia\u201d.<\/p>\n<div class=\"entry\">\n<p>Hasta el momento, seg\u00fan inform\u00f3 el organismo, solo se notificaron unas \u201cpocas docenas de secuencias de estas variantes en un pu\u00f1ado de pa\u00edses\u201d, pero alienta a que se \u201csiga vigilando el virus\u201d y que compartan r\u00e1pidamente los datos para \u201ctener un mejor conocimiento del virus, incluidos sus nuevos linajes\u201d.<\/p>\n<p>La OMS est\u00e1 colaborando con los cient\u00edficos para comprender mejor su propagaci\u00f3n actual, as\u00ed como cualquier impacto potencial que puedan tener estas dos nuevas mutaciones de \u00d3micron, la variante m\u00e1s contagiosa del SARS-CoV2.<\/p>\n<p>Por otra parte, hoy se reuni\u00f3 el Comit\u00e9 de Emergencias de la Organizaci\u00f3n para estudiar la evoluci\u00f3n de la pandemia de coronavirus y emitir recomendaciones a los Estados, seg\u00fan public\u00f3 el portal de la OMS.<\/p>\n<p>El director general de la Organizaci\u00f3n, Tedros Adhanom Ghebreyesus, dijo que \u201ces gratificante ver una tendencia a la baja en las muertes registradas por coronavirus\u201d y que la semana pasada \u201cfueron las m\u00e1s bajas en los dos \u00faltimos a\u00f1os\u201d.<\/p>\n<p>Sin embargo, advirti\u00f3 que la pandemia \u201cest\u00e1 lejos de terminar\u201d.<\/p>\n<p>\u201cLa transmisi\u00f3n sigue siendo muy alta y la cobertura de vacunaci\u00f3n sigue siendo muy baja en demasiados pa\u00edses y la relajaci\u00f3n de muchas medidas sociales y de salud p\u00fablica est\u00e1 permitiendo que la transmisi\u00f3n contin\u00fae, con el riesgo de que surjan nuevas variantes\u201d, dijo.<\/p>\n<p>Adem\u00e1s, detall\u00f3 que en los pa\u00edses con alta inmunidad de la poblaci\u00f3n, hay una \u201cdisociaci\u00f3n entre casos, hospitalizaciones y muertes\u201d, mientras que en otros con menor acceso a las vacunas \u201cel aumento masivo de casos provoc\u00f3 un gran n\u00famero de hospitalizaciones e incluso un mayor n\u00famero de muertes\u201d que en oleadas anteriores.<\/p>\n<p>A su vez, remarc\u00f3 que hay tres factores que lo preocupan: el cansancio de la poblaci\u00f3n, la duraci\u00f3n de la inmunidad y la incapacidad de predecir c\u00f3mo evolucionar\u00e1 el virus.<\/p>\n<p>A pesar de las incertidumbres, record\u00f3 que el mundo tiene las herramientas para limitar la transmisi\u00f3n, salvar vidas y proteger los sistemas sanitarios con la vacunaci\u00f3n, los testeos, tratamientos y medidas sociales y de salud p\u00fablica para \u201cponer fin a la fase aguda\u201d de la pandemia de coronavirus.<\/p>\n<\/div>\n<p>&nbsp;<\/p>\n","protected":false},"excerpt":{"rendered":"<p>&nbsp; El organismo est\u00e1 colaborando con los cient\u00edficos para comprender mejor su propagaci\u00f3n actual, as\u00ed como cualquier impacto potencial que<\/p>\n","protected":false},"author":1,"featured_media":74264,"comment_status":"closed","ping_status":"closed","sticky":false,"template":"","format":"standard","meta":{"kia_subtitle":"","footnotes":"","jetpack_publicize_message":"","jetpack_publicize_feature_enabled":true,"jetpack_social_post_already_shared":true,"jetpack_social_options":{"image_generator_settings":{"template":"highway","default_image_id":0,"font":"","enabled":false},"version":2}},"categories":[15,70],"tags":[],"class_list":["post-74263","post","type-post","status-publish","format-standard","has-post-thumbnail","hentry","category-tendencias","category-salud"],"jetpack_publicize_connections":[],"jetpack_featured_media_url":"https:\/\/laurbedigital.com.ar\/noticias\/wp-content\/uploads\/2022\/04\/20220412-omicron.jpg","_links":{"self":[{"href":"https:\/\/laurbedigital.com.ar\/noticias\/wp-json\/wp\/v2\/posts\/74263","targetHints":{"allow":["GET"]}}],"collection":[{"href":"https:\/\/laurbedigital.com.ar\/noticias\/wp-json\/wp\/v2\/posts"}],"about":[{"href":"https:\/\/laurbedigital.com.ar\/noticias\/wp-json\/wp\/v2\/types\/post"}],"author":[{"embeddable":true,"href":"https:\/\/laurbedigital.com.ar\/noticias\/wp-json\/wp\/v2\/users\/1"}],"replies":[{"embeddable":true,"href":"https:\/\/laurbedigital.com.ar\/noticias\/wp-json\/wp\/v2\/comments?post=74263"}],"version-history":[{"count":2,"href":"https:\/\/laurbedigital.com.ar\/noticias\/wp-json\/wp\/v2\/posts\/74263\/revisions"}],"predecessor-version":[{"id":74270,"href":"https:\/\/laurbedigital.com.ar\/noticias\/wp-json\/wp\/v2\/posts\/74263\/revisions\/74270"}],"wp:featuredmedia":[{"embeddable":true,"href":"https:\/\/laurbedigital.com.ar\/noticias\/wp-json\/wp\/v2\/media\/74264"}],"wp:attachment":[{"href":"https:\/\/laurbedigital.com.ar\/noticias\/wp-json\/wp\/v2\/media?parent=74263"}],"wp:term":[{"taxonomy":"category","embeddable":true,"href":"https:\/\/laurbedigital.com.ar\/noticias\/wp-json\/wp\/v2\/categories?post=74263"},{"taxonomy":"post_tag","embeddable":true,"href":"https:\/\/laurbedigital.com.ar\/noticias\/wp-json\/wp\/v2\/tags?post=74263"}],"curies":[{"name":"wp","href":"https:\/\/api.w.org\/{rel}","templated":true}]}}