{"id":74021,"date":"2022-04-08T14:16:04","date_gmt":"2022-04-08T17:16:04","guid":{"rendered":"https:\/\/laurbedigital.com.ar\/noticias\/?p=74021"},"modified":"2022-04-08T14:16:04","modified_gmt":"2022-04-08T17:16:04","slug":"la-provincia-comienza-a-aplicar-la-vacuna-antigripal-a-mayores-de-65-y-puerperas","status":"publish","type":"post","link":"https:\/\/laurbedigital.com.ar\/noticias\/2022\/04\/08\/la-provincia-comienza-a-aplicar-la-vacuna-antigripal-a-mayores-de-65-y-puerperas\/","title":{"rendered":"La Provincia comienza a aplicar la vacuna antigripal a mayores de 65 y pu\u00e9rperas"},"content":{"rendered":"<div class=\"field field-name-field-bajada-noti-agroindustria field-type-text-with-summary field-label-hidden\">\n<div class=\"field-items\">\n<div class=\"field-item even\">\n<p>&nbsp;<\/p>\n<h5>A partir del lunes suma a la convocatoria a las personas de m\u00e1s de 65 a\u00f1os y a quienes transitan el posparto.<\/h5>\n<p>Desde el pr\u00f3ximo lunes, 11 de abril, el ministerio de Salud de la Provincia de Buenos Aires comenzar\u00e1 a vacunar contra la gripe a otros dos grupos priorizados por presentar mayor riesgo de desarrollar complicaciones en caso contraer el virus Influenza. Por lo tanto, desde el inicio de la semana pr\u00f3xima podr\u00e1n concurrir a cualquiera de los 1.732 vacunatorios bonaerenses para recibir la inmunizaci\u00f3n de forma gratuita personas pu\u00e9rperas y mayores de 65 a\u00f1os.<\/p>\n<p>La campa\u00f1a antigripal en la provincia de Buenos Aires comenz\u00f3 el 25 de marzo con la convocatoria al personal de salud. Esta semana se sum\u00f3 la vacunaci\u00f3n pedi\u00e1trica de ni\u00f1os y ni\u00f1as de 6 meses a 2 a\u00f1os y de personas gestantes. Luego, continuar\u00e1 con las personas de 3 a 64 a\u00f1os con enfermedades preexistentes.<\/p>\n<p>Las vacunas antigripales pueden aplicarse junto con cualquier dosis o refuerzo de las vacunas que previenen el COVID-19, sin necesidad de intervalo entre una y otra porque la combinaci\u00f3n est\u00e1 probada y es segura.<\/p>\n<p>Este a\u00f1o la vacuna antigripal tiene tres componentes, uno contra la influenza A H1N1, otro que previene la A H3N2 y por \u00faltimo, el componente de linaje B\/Victoria.<\/p>\n<\/div>\n<p>&nbsp;<\/p>\n<\/div>\n<\/div>\n","protected":false},"excerpt":{"rendered":"<p>&nbsp; A partir del lunes suma a la convocatoria a las personas de m\u00e1s de 65 a\u00f1os y a quienes<\/p>\n","protected":false},"author":1,"featured_media":74022,"comment_status":"closed","ping_status":"closed","sticky":false,"template":"","format":"standard","meta":{"kia_subtitle":"","footnotes":"","jetpack_publicize_message":"La Provincia comienza a aplicar la vacuna antigripal a mayores de 65 y pu\u00e9rperas","jetpack_publicize_feature_enabled":true,"jetpack_social_post_already_shared":true,"jetpack_social_options":{"image_generator_settings":{"template":"highway","default_image_id":0,"font":"","enabled":false},"version":2}},"categories":[3,56],"tags":[],"class_list":["post-74021","post","type-post","status-publish","format-standard","has-post-thumbnail","hentry","category-actualidad","category-buenos-aires"],"jetpack_publicize_connections":[],"jetpack_featured_media_url":"https:\/\/laurbedigital.com.ar\/noticias\/wp-content\/uploads\/2022\/04\/20220408-Vacuna-Anigripal.jpg","_links":{"self":[{"href":"https:\/\/laurbedigital.com.ar\/noticias\/wp-json\/wp\/v2\/posts\/74021","targetHints":{"allow":["GET"]}}],"collection":[{"href":"https:\/\/laurbedigital.com.ar\/noticias\/wp-json\/wp\/v2\/posts"}],"about":[{"href":"https:\/\/laurbedigital.com.ar\/noticias\/wp-json\/wp\/v2\/types\/post"}],"author":[{"embeddable":true,"href":"https:\/\/laurbedigital.com.ar\/noticias\/wp-json\/wp\/v2\/users\/1"}],"replies":[{"embeddable":true,"href":"https:\/\/laurbedigital.com.ar\/noticias\/wp-json\/wp\/v2\/comments?post=74021"}],"version-history":[{"count":2,"href":"https:\/\/laurbedigital.com.ar\/noticias\/wp-json\/wp\/v2\/posts\/74021\/revisions"}],"predecessor-version":[{"id":74024,"href":"https:\/\/laurbedigital.com.ar\/noticias\/wp-json\/wp\/v2\/posts\/74021\/revisions\/74024"}],"wp:featuredmedia":[{"embeddable":true,"href":"https:\/\/laurbedigital.com.ar\/noticias\/wp-json\/wp\/v2\/media\/74022"}],"wp:attachment":[{"href":"https:\/\/laurbedigital.com.ar\/noticias\/wp-json\/wp\/v2\/media?parent=74021"}],"wp:term":[{"taxonomy":"category","embeddable":true,"href":"https:\/\/laurbedigital.com.ar\/noticias\/wp-json\/wp\/v2\/categories?post=74021"},{"taxonomy":"post_tag","embeddable":true,"href":"https:\/\/laurbedigital.com.ar\/noticias\/wp-json\/wp\/v2\/tags?post=74021"}],"curies":[{"name":"wp","href":"https:\/\/api.w.org\/{rel}","templated":true}]}}