{"id":73596,"date":"2022-04-01T22:30:23","date_gmt":"2022-04-02T01:30:23","guid":{"rendered":"https:\/\/laurbedigital.com.ar\/noticias\/?p=73596"},"modified":"2022-04-01T22:30:23","modified_gmt":"2022-04-02T01:30:23","slug":"el-ministerio-de-defensa-lanzo-un-sitio-web-para-homenajear-a-los-caidos-y-veteranos-de-malvinas","status":"publish","type":"post","link":"https:\/\/laurbedigital.com.ar\/noticias\/2022\/04\/01\/el-ministerio-de-defensa-lanzo-un-sitio-web-para-homenajear-a-los-caidos-y-veteranos-de-malvinas\/","title":{"rendered":"El Ministerio de Defensa lanz\u00f3 un sitio web para homenajear a los ca\u00eddos y veteranos de Malvinas"},"content":{"rendered":"<p>&nbsp;<\/p>\n<h5 class=\"font-400\">La p\u00e1gina ofrece informaci\u00f3n sobre la \u00abrealizaci\u00f3n de certificados\u00bb y \u00ableyes relativas al tema\u00bb.<\/h5>\n<p>El Ministerio de Defensa lanz\u00f3 hoy un <a href=\"https:\/\/www.argentina.gob.ar\/defensa\/coordinacion-de-veteranos-y-veteranas-de-la-guerra-de-malvinas\/\" target=\"_blank\" rel=\"noopener\">sitio web<\/a> dentro de su p\u00e1gina oficial para rendir homenaje a los \u00abCa\u00eddos, Veteranos y Veteranas\u00bb, en v\u00edsperas del aniversario 40 de la Guerra de Malvinas.<\/p>\n<p>\u00abEn el marco de los 40 a\u00f1os de la Guerra de Malvinas, el Ministerio de Defensa, a cargo de Jorge Taiana, lanza un segmento dentro de la p\u00e1gina oficial del Ministerio que rinde homenaje a los Ca\u00eddos, Veteranos y Veteranas de la Guerra de Malvinas\u00bb, indic\u00f3 esa cartera en un comunicado.<\/p>\n<p>La p\u00e1gina ofrece informaci\u00f3n sobre la \u00abrealizaci\u00f3n de certificados\u00bb y \u00ableyes relativas al tema\u00bb.<\/p>\n<p><img loading=\"lazy\" decoding=\"async\" class=\"alignnone  wp-image-73598\" src=\"https:\/\/laurbedigital.com.ar\/noticias\/wp-content\/uploads\/2022\/04\/whatsapp_image_2022-04-01_at_15.53.34.jpeg\" alt=\"\" width=\"700\" height=\"574\" title=\"\" srcset=\"https:\/\/laurbedigital.com.ar\/noticias\/wp-content\/uploads\/2022\/04\/whatsapp_image_2022-04-01_at_15.53.34.jpeg 1280w, https:\/\/laurbedigital.com.ar\/noticias\/wp-content\/uploads\/2022\/04\/whatsapp_image_2022-04-01_at_15.53.34-300x246.jpeg 300w, https:\/\/laurbedigital.com.ar\/noticias\/wp-content\/uploads\/2022\/04\/whatsapp_image_2022-04-01_at_15.53.34-1024x840.jpeg 1024w, https:\/\/laurbedigital.com.ar\/noticias\/wp-content\/uploads\/2022\/04\/whatsapp_image_2022-04-01_at_15.53.34-768x630.jpeg 768w\" sizes=\"auto, (max-width: 700px) 100vw, 700px\" \/><\/p>\n<p>En <a href=\"https:\/\/www.argentina.gob.ar\/defensa\/coordinacion-de-veteranos-y-veteranas-de-la-guerra-de-malvinas\/\" target=\"_blank\" rel=\"noopener\">el sitio<\/a> tambi\u00e9n se puede acceder a la n\u00f3mina de veteranos, a una secci\u00f3n especial con los datos de las veteranas y hasta al archivo de las Fuerzas Armadas, entre otros \u00edtems.<\/p>\n<p>&nbsp;<\/p>\n<p>&nbsp;<\/p>\n","protected":false},"excerpt":{"rendered":"<p>&nbsp; La p\u00e1gina ofrece informaci\u00f3n sobre la \u00abrealizaci\u00f3n de certificados\u00bb y \u00ableyes relativas al tema\u00bb. El Ministerio de Defensa lanz\u00f3<\/p>\n","protected":false},"author":1,"featured_media":73597,"comment_status":"closed","ping_status":"closed","sticky":false,"template":"","format":"standard","meta":{"kia_subtitle":"","footnotes":"","jetpack_publicize_message":"El Ministerio de Defensa lanz\u00f3 un sitio web para homenajear a los ca\u00eddos y veteranos de Malvinas","jetpack_publicize_feature_enabled":true,"jetpack_social_post_already_shared":true,"jetpack_social_options":{"image_generator_settings":{"template":"highway","default_image_id":0,"font":"","enabled":false},"version":2}},"categories":[3,41],"tags":[],"class_list":["post-73596","post","type-post","status-publish","format-standard","has-post-thumbnail","hentry","category-actualidad","category-nacionales"],"jetpack_publicize_connections":[],"jetpack_featured_media_url":"https:\/\/laurbedigital.com.ar\/noticias\/wp-content\/uploads\/2022\/04\/20220401-Veteranos.jpg","_links":{"self":[{"href":"https:\/\/laurbedigital.com.ar\/noticias\/wp-json\/wp\/v2\/posts\/73596","targetHints":{"allow":["GET"]}}],"collection":[{"href":"https:\/\/laurbedigital.com.ar\/noticias\/wp-json\/wp\/v2\/posts"}],"about":[{"href":"https:\/\/laurbedigital.com.ar\/noticias\/wp-json\/wp\/v2\/types\/post"}],"author":[{"embeddable":true,"href":"https:\/\/laurbedigital.com.ar\/noticias\/wp-json\/wp\/v2\/users\/1"}],"replies":[{"embeddable":true,"href":"https:\/\/laurbedigital.com.ar\/noticias\/wp-json\/wp\/v2\/comments?post=73596"}],"version-history":[{"count":3,"href":"https:\/\/laurbedigital.com.ar\/noticias\/wp-json\/wp\/v2\/posts\/73596\/revisions"}],"predecessor-version":[{"id":73601,"href":"https:\/\/laurbedigital.com.ar\/noticias\/wp-json\/wp\/v2\/posts\/73596\/revisions\/73601"}],"wp:featuredmedia":[{"embeddable":true,"href":"https:\/\/laurbedigital.com.ar\/noticias\/wp-json\/wp\/v2\/media\/73597"}],"wp:attachment":[{"href":"https:\/\/laurbedigital.com.ar\/noticias\/wp-json\/wp\/v2\/media?parent=73596"}],"wp:term":[{"taxonomy":"category","embeddable":true,"href":"https:\/\/laurbedigital.com.ar\/noticias\/wp-json\/wp\/v2\/categories?post=73596"},{"taxonomy":"post_tag","embeddable":true,"href":"https:\/\/laurbedigital.com.ar\/noticias\/wp-json\/wp\/v2\/tags?post=73596"}],"curies":[{"name":"wp","href":"https:\/\/api.w.org\/{rel}","templated":true}]}}