{"id":73533,"date":"2022-03-31T20:50:50","date_gmt":"2022-03-31T23:50:50","guid":{"rendered":"https:\/\/laurbedigital.com.ar\/noticias\/?p=73533"},"modified":"2022-03-31T20:50:50","modified_gmt":"2022-03-31T23:50:50","slug":"la-mayor-produccion-de-gas-permitira-reducir-las-importaciones","status":"publish","type":"post","link":"https:\/\/laurbedigital.com.ar\/noticias\/2022\/03\/31\/la-mayor-produccion-de-gas-permitira-reducir-las-importaciones\/","title":{"rendered":"La mayor producci\u00f3n de gas permitir\u00e1 reducir las importaciones"},"content":{"rendered":"<p>&nbsp;<\/p>\n<h5 class=\"block__headline\">Lo aseguraron la portavoz presidencial Cerruti y el secretario de Energ\u00eda, Mart\u00ednez. El rol de Vaca Muerta, determinante.<\/h5>\n<p class=\"block__headline\">La mayor producci\u00f3n interna de gas, especialmente en el \u00e1rea de Vaca Muerta, Neuqu\u00e9n, permitir\u00e1 que este a\u00f1o <strong>la Argentina tenga que importar menos de este combustible respecto de per\u00edodos anteriore<\/strong>s, en un contexto en el que la guerra entre Rusia y Ucrania gener\u00f3 un fuerte aumento en los precios internacionales de la energ\u00eda.<\/p>\n<div class=\"entry\">\n<p>La portavoz de la Presidencia,\u00a0<strong>Gabriela Cerruti, asegur\u00f3 que \u201c<em>no va a faltar gas en invierno<\/em>\u201c<\/strong>\u00a0y que este a\u00f1o la Argentina\u00a0<strong>tendr\u00e1 que importar \u201c<em>bastante menos<\/em>\u201d debido al aumento de la producci\u00f3n interna de este combustible, a ra\u00edz del \u201c<em>crecimiento de la explotaci\u00f3n en Vaca Muerta<\/em>\u201c.<\/strong><\/p>\n<p>\u201c<strong><em>El Gobierno puede garantizar que no va a faltar gas en invierno<\/em><\/strong>\u201c, asever\u00f3 Cerruti, quien no obstante indic\u00f3 que existen inconvenientes a escala internacional porque \u201cla realidad es la realidad y hay una guerra\u201d entre Rusia y Ucrania, que incide tanto en el abastecimiento como en los precios de los hidrocarburos.<\/p>\n<p><strong>Los \u00faltimos datos oficiales de la Secretar\u00eda de Energ\u00eda dan cuenta de una producci\u00f3n total de gas en enero de aproximadamente 130 millones de metros c\u00fabicos por d\u00eda, lo que significa un crecimiento del 12% respecto del mismo mes del a\u00f1o pasado.<\/strong><\/p>\n<p>De ese total,\u00a0<strong>69 millones correspondieron a producci\u00f3n no convencional<\/strong>, que alcanz\u00f3 en el primer mes del a\u00f1o su m\u00e1ximo hist\u00f3rico, con un crecimiento del 2% respecto de diciembre y de 42% en relaci\u00f3n con enero de 2021.<\/p>\n<p>En su habitual conferencia de prensa de los jueves en Casa Rosada,\u00a0<strong>Cerruti adelant\u00f3 que \u201c<em>la pr\u00f3xima semana<\/em>\u201d va a haber \u201c<em>novedades<\/em>\u201d sobre las negociaciones que est\u00e1n llevando a cabo el ministro de Econom\u00eda, Mart\u00edn Guzm\u00e1n, y el secretario de Energ\u00eda, Dar\u00edo Mart\u00ednez<\/strong>, para garantizar el abastecimiento tanto para el consumo residencial como para la industria y el agro.<\/p>\n<p>Precisamente, Mart\u00ednez hab\u00eda se\u00f1alado el mes pasado que \u201c<em>desde que se implement\u00f3 el Plan Gas.Ar se est\u00e1n dando n\u00fameros m\u00e1ximos de producci\u00f3n de no convencional y eso\u00a0<strong>significa m\u00e1s gas argentino<\/strong>, producido por trabajadores argentinos, con pymes nacionales que aportan tecnolog\u00eda y valor agregado<\/em>\u201c.<\/p>\n<p>Mart\u00ednez puntualiz\u00f3 que \u201c<em>la puesta en marcha del nuevo gasoducto N\u00e9stor Kirchner va a permitir poder escalar esa producci\u00f3n,\u00a0<strong>aumentar las exportaciones, sustituir importaciones con gas argentino y generar miles de puestos de trabajo<\/strong><\/em>\u201c. t\u00e9lam<\/p>\n<\/div>\n","protected":false},"excerpt":{"rendered":"<p>&nbsp; Lo aseguraron la portavoz presidencial Cerruti y el secretario de Energ\u00eda, Mart\u00ednez. El rol de Vaca Muerta, determinante. La<\/p>\n","protected":false},"author":1,"featured_media":73534,"comment_status":"closed","ping_status":"closed","sticky":false,"template":"","format":"standard","meta":{"kia_subtitle":"","footnotes":"","jetpack_publicize_message":"La mayor producci\u00f3n de gas permitir\u00e1 reducir las importaciones","jetpack_publicize_feature_enabled":true,"jetpack_social_post_already_shared":true,"jetpack_social_options":{"image_generator_settings":{"template":"highway","default_image_id":0,"font":"","enabled":false},"version":2}},"categories":[3,41],"tags":[],"class_list":["post-73533","post","type-post","status-publish","format-standard","has-post-thumbnail","hentry","category-actualidad","category-nacionales"],"jetpack_publicize_connections":[],"jetpack_featured_media_url":"https:\/\/laurbedigital.com.ar\/noticias\/wp-content\/uploads\/2022\/03\/20220331-GAS.jpg","_links":{"self":[{"href":"https:\/\/laurbedigital.com.ar\/noticias\/wp-json\/wp\/v2\/posts\/73533","targetHints":{"allow":["GET"]}}],"collection":[{"href":"https:\/\/laurbedigital.com.ar\/noticias\/wp-json\/wp\/v2\/posts"}],"about":[{"href":"https:\/\/laurbedigital.com.ar\/noticias\/wp-json\/wp\/v2\/types\/post"}],"author":[{"embeddable":true,"href":"https:\/\/laurbedigital.com.ar\/noticias\/wp-json\/wp\/v2\/users\/1"}],"replies":[{"embeddable":true,"href":"https:\/\/laurbedigital.com.ar\/noticias\/wp-json\/wp\/v2\/comments?post=73533"}],"version-history":[{"count":2,"href":"https:\/\/laurbedigital.com.ar\/noticias\/wp-json\/wp\/v2\/posts\/73533\/revisions"}],"predecessor-version":[{"id":73540,"href":"https:\/\/laurbedigital.com.ar\/noticias\/wp-json\/wp\/v2\/posts\/73533\/revisions\/73540"}],"wp:featuredmedia":[{"embeddable":true,"href":"https:\/\/laurbedigital.com.ar\/noticias\/wp-json\/wp\/v2\/media\/73534"}],"wp:attachment":[{"href":"https:\/\/laurbedigital.com.ar\/noticias\/wp-json\/wp\/v2\/media?parent=73533"}],"wp:term":[{"taxonomy":"category","embeddable":true,"href":"https:\/\/laurbedigital.com.ar\/noticias\/wp-json\/wp\/v2\/categories?post=73533"},{"taxonomy":"post_tag","embeddable":true,"href":"https:\/\/laurbedigital.com.ar\/noticias\/wp-json\/wp\/v2\/tags?post=73533"}],"curies":[{"name":"wp","href":"https:\/\/api.w.org\/{rel}","templated":true}]}}