{"id":73524,"date":"2022-03-31T19:56:31","date_gmt":"2022-03-31T22:56:31","guid":{"rendered":"https:\/\/laurbedigital.com.ar\/noticias\/?p=73524"},"modified":"2022-03-31T19:56:31","modified_gmt":"2022-03-31T22:56:31","slug":"la-provincia-y-ate-colaboraran-para-la-realizacion-del-censo-digital","status":"publish","type":"post","link":"https:\/\/laurbedigital.com.ar\/noticias\/2022\/03\/31\/la-provincia-y-ate-colaboraran-para-la-realizacion-del-censo-digital\/","title":{"rendered":"La Provincia y ATE colaborar\u00e1n para la realizaci\u00f3n del Censo Digital"},"content":{"rendered":"<p>&nbsp;<\/p>\n<h5>Las sedes del gremio ser\u00e1n <strong>\u201cpuntos digitales\u201d<\/strong> para ayudar a la poblaci\u00f3n que tenga problemas de conectividad o dificultades para completar el censo digital.<\/h5>\n<p>El ministro de Hacienda y Finanzas de la provincia de Buenos Aires, Pablo L\u00f3pez, se reuni\u00f3 con representantes de la Asociaci\u00f3n de Trabajadores del Estado de la Provincia para formalizar la asistencia de las distintas sedes del gremio en la difusi\u00f3n e implementaci\u00f3n del Censo Nacional de Poblaci\u00f3n, Hogares y Viviendas en su modalidad digital. Las sedes se constituir\u00e1n as\u00ed como \u201cpuntos digitales\u201d destinados a promocionar y facilitar a la poblaci\u00f3n que tenga problemas de conectividad o tenga dificultades para completar el censo digital, la posibilidad de autocensarse en la p\u00e1gina web\u00a0<a href=\"http:\/\/www.censo.gob.ar.\/\" target=\"_blank\" rel=\"noopener noreferrer\">www.censo.gob.ar.<\/a><\/p>\n<p>Durante la reuni\u00f3n, el Ministro Pablo L\u00f3pez sostuvo: \u201cEste trabajo conjunto con la Asociaci\u00f3n de Trabajadores del Estado es parte de una pol\u00edtica activa por parte de la gesti\u00f3n del Gobernador Axel Kicillof de di\u00e1logo y coordinaci\u00f3n permanente con las y los representantes de los trabajadores del estado provincial y demuestra el compromiso que las asociaciones gremiales tienen con el Estado y la Provincia, como lo han hecho a lo largo de toda la pandemia. El trabajo conjunto es clave, en este caso, para garantizar el \u00e9xito del Censo Nacional\u00bb. Tambi\u00e9n, el Ministro destac\u00f3 el trabajo que vienen llevando adelante las y los trabajadores de la Direcci\u00f3n Provincial de Estad\u00edstica, quienes recorrieron todo el territorio provincial incluso durante la pandemia para llevar adelante la tarea precensal m\u00e1s importante que es la Actualizaci\u00f3n del Archivo de Domicilios. Por \u00faltimo, el Ministro remarc\u00f3 que: \u201cLa informaci\u00f3n que surja del Censo nos va a permitir conocer la situaci\u00f3n real de los principales problemas estructurales de la Provincia, y continuar as\u00ed con el camino de fortalecimiento del Estado, elaborando con mayor precisi\u00f3n pol\u00edticas p\u00fablicas que mejoren la vida de los y las bonaerenses.\u201d<\/p>\n<p>Es la primera vez que se est\u00e1 implementando el Censo en forma digital, una gran innovaci\u00f3n que agilizar\u00e1 el proceso de recolecci\u00f3n, simplificando y mejorando el procesamiento de la informaci\u00f3n y el operativo presencial, que se realizar\u00e1 el 18 de mayo. Por eso, es importante contar con el apoyo y el trabajo de organizaciones que, como ATE, van a permitir una mayor difusi\u00f3n, capilaridad y alcance de este Censo Digital.<\/p>\n<p>Hasta el momento en la provincia de Buenos Aires, 450.000 viviendas habitadas por 1,3 millones de personas ya completaron el Censo Digital. La articulaci\u00f3n entre el Estado Provincial y el gremio estatal ayudar\u00e1 a potenciar la difusi\u00f3n a la poblaci\u00f3n en general de la importancia del Censo, transmitir tranquilidad a la comunidad en relaci\u00f3n a la modalidad digital y la posibilidad de acercar esa alternativa a las y los afiliados facilitando los medios para que lo realicen.<\/p>\n<p>De la reuni\u00f3n tambi\u00e9n participaron, por el Ministerio de Hacienda y Finanzas, el subsecretario de Coordinaci\u00f3n Econ\u00f3mica y Estad\u00edstica, Nicol\u00e1s Todesca, y el director Provincial de Estad\u00edstica, Diego Rusansky; y, por el Ministerio de Trabajo, el jefe de Gabinete, Federico Di Giorgio.<\/p>\n<p>Por parte de la Asociaci\u00f3n de Trabajadores del Estado estuvo presente el secretario General de ATE provincia, Oscar de Isasi; la secretaria Adjunta, Vanina Rodr\u00edguez; los secretarios generales de Berazategui, Carlos Acosta; de Mercedes, Hugo Bonafina; de Moreno, Walter Cravero; de Lan\u00fas, Walter Pintos; y de San Miguel, Marta Reyes; y otros dirigentes gremiales del CDP y de las seccionales.<\/p>\n<p>&nbsp;<\/p>\n<p>&nbsp;<\/p>\n","protected":false},"excerpt":{"rendered":"<p>&nbsp; Las sedes del gremio ser\u00e1n \u201cpuntos digitales\u201d para ayudar a la poblaci\u00f3n que tenga problemas de conectividad o dificultades<\/p>\n","protected":false},"author":1,"featured_media":73525,"comment_status":"closed","ping_status":"closed","sticky":false,"template":"","format":"standard","meta":{"kia_subtitle":"","footnotes":"","jetpack_publicize_message":"La Provincia y ATE colaborar\u00e1n para la realizaci\u00f3n del Censo Digital","jetpack_publicize_feature_enabled":true,"jetpack_social_post_already_shared":true,"jetpack_social_options":{"image_generator_settings":{"template":"highway","default_image_id":0,"font":"","enabled":false},"version":2}},"categories":[3,56,39],"tags":[],"class_list":["post-73524","post","type-post","status-publish","format-standard","has-post-thumbnail","hentry","category-actualidad","category-buenos-aires","category-gremios"],"jetpack_publicize_connections":[],"jetpack_featured_media_url":"https:\/\/laurbedigital.com.ar\/noticias\/wp-content\/uploads\/2022\/03\/20220331-PROVINCIA-ATE.jpg","_links":{"self":[{"href":"https:\/\/laurbedigital.com.ar\/noticias\/wp-json\/wp\/v2\/posts\/73524","targetHints":{"allow":["GET"]}}],"collection":[{"href":"https:\/\/laurbedigital.com.ar\/noticias\/wp-json\/wp\/v2\/posts"}],"about":[{"href":"https:\/\/laurbedigital.com.ar\/noticias\/wp-json\/wp\/v2\/types\/post"}],"author":[{"embeddable":true,"href":"https:\/\/laurbedigital.com.ar\/noticias\/wp-json\/wp\/v2\/users\/1"}],"replies":[{"embeddable":true,"href":"https:\/\/laurbedigital.com.ar\/noticias\/wp-json\/wp\/v2\/comments?post=73524"}],"version-history":[{"count":2,"href":"https:\/\/laurbedigital.com.ar\/noticias\/wp-json\/wp\/v2\/posts\/73524\/revisions"}],"predecessor-version":[{"id":73527,"href":"https:\/\/laurbedigital.com.ar\/noticias\/wp-json\/wp\/v2\/posts\/73524\/revisions\/73527"}],"wp:featuredmedia":[{"embeddable":true,"href":"https:\/\/laurbedigital.com.ar\/noticias\/wp-json\/wp\/v2\/media\/73525"}],"wp:attachment":[{"href":"https:\/\/laurbedigital.com.ar\/noticias\/wp-json\/wp\/v2\/media?parent=73524"}],"wp:term":[{"taxonomy":"category","embeddable":true,"href":"https:\/\/laurbedigital.com.ar\/noticias\/wp-json\/wp\/v2\/categories?post=73524"},{"taxonomy":"post_tag","embeddable":true,"href":"https:\/\/laurbedigital.com.ar\/noticias\/wp-json\/wp\/v2\/tags?post=73524"}],"curies":[{"name":"wp","href":"https:\/\/api.w.org\/{rel}","templated":true}]}}