{"id":734,"date":"2016-01-30T00:37:49","date_gmt":"2016-01-30T00:37:49","guid":{"rendered":"http:\/\/laurbedigital.com.ar\/noticias\/?p=734"},"modified":"2016-01-30T00:37:49","modified_gmt":"2016-01-30T00:37:49","slug":"la-oms-advierte-de-que-el-virus-zika-se-propaga-de-forma-explosiva","status":"publish","type":"post","link":"https:\/\/laurbedigital.com.ar\/noticias\/2016\/01\/30\/la-oms-advierte-de-que-el-virus-zika-se-propaga-de-forma-explosiva\/","title":{"rendered":"La OMS advierte de que el virus zika se propaga de \u00abforma explosiva\u00bb"},"content":{"rendered":"<p>El virus zika \u00abse propaga de forma explosiva\u00bb en el continente americano, dijo este jueves la directora de la Organizaci\u00f3n Mundial de la Salud (OMS), Margaret Chan, quien convoc\u00f3 a una reuni\u00f3n de urgencia para el lunes.<\/p>\n<p>\u00abEl nivel de alerta es extremadamente elevado\u00bb, agreg\u00f3 Chan durante una reuni\u00f3n de informaci\u00f3n con los miembros de la OMS en Ginebra.<\/p>\n","protected":false},"excerpt":{"rendered":"<p>El virus zika \u00abse propaga de forma explosiva\u00bb en el continente americano, dijo este jueves la directora de la Organizaci\u00f3n<\/p>\n","protected":false},"author":1,"featured_media":735,"comment_status":"closed","ping_status":"closed","sticky":false,"template":"","format":"standard","meta":{"kia_subtitle":"","footnotes":"","jetpack_publicize_message":"","jetpack_publicize_feature_enabled":true,"jetpack_social_post_already_shared":false,"jetpack_social_options":{"image_generator_settings":{"template":"highway","default_image_id":0,"font":"","enabled":false},"version":2}},"categories":[15],"tags":[],"class_list":["post-734","post","type-post","status-publish","format-standard","has-post-thumbnail","hentry","category-tendencias"],"jetpack_publicize_connections":[],"jetpack_featured_media_url":"https:\/\/laurbedigital.com.ar\/noticias\/wp-content\/uploads\/2016\/01\/20160129-salud.jpg","_links":{"self":[{"href":"https:\/\/laurbedigital.com.ar\/noticias\/wp-json\/wp\/v2\/posts\/734","targetHints":{"allow":["GET"]}}],"collection":[{"href":"https:\/\/laurbedigital.com.ar\/noticias\/wp-json\/wp\/v2\/posts"}],"about":[{"href":"https:\/\/laurbedigital.com.ar\/noticias\/wp-json\/wp\/v2\/types\/post"}],"author":[{"embeddable":true,"href":"https:\/\/laurbedigital.com.ar\/noticias\/wp-json\/wp\/v2\/users\/1"}],"replies":[{"embeddable":true,"href":"https:\/\/laurbedigital.com.ar\/noticias\/wp-json\/wp\/v2\/comments?post=734"}],"version-history":[{"count":1,"href":"https:\/\/laurbedigital.com.ar\/noticias\/wp-json\/wp\/v2\/posts\/734\/revisions"}],"predecessor-version":[{"id":736,"href":"https:\/\/laurbedigital.com.ar\/noticias\/wp-json\/wp\/v2\/posts\/734\/revisions\/736"}],"wp:featuredmedia":[{"embeddable":true,"href":"https:\/\/laurbedigital.com.ar\/noticias\/wp-json\/wp\/v2\/media\/735"}],"wp:attachment":[{"href":"https:\/\/laurbedigital.com.ar\/noticias\/wp-json\/wp\/v2\/media?parent=734"}],"wp:term":[{"taxonomy":"category","embeddable":true,"href":"https:\/\/laurbedigital.com.ar\/noticias\/wp-json\/wp\/v2\/categories?post=734"},{"taxonomy":"post_tag","embeddable":true,"href":"https:\/\/laurbedigital.com.ar\/noticias\/wp-json\/wp\/v2\/tags?post=734"}],"curies":[{"name":"wp","href":"https:\/\/api.w.org\/{rel}","templated":true}]}}