{"id":73374,"date":"2022-03-30T10:38:05","date_gmt":"2022-03-30T13:38:05","guid":{"rendered":"https:\/\/laurbedigital.com.ar\/noticias\/?p=73374"},"modified":"2022-03-30T00:45:07","modified_gmt":"2022-03-30T03:45:07","slug":"por-que-se-conmemora-hoy-el-dia-internacional-de-las-trabajadoras-del-hogar","status":"publish","type":"post","link":"https:\/\/laurbedigital.com.ar\/noticias\/2022\/03\/30\/por-que-se-conmemora-hoy-el-dia-internacional-de-las-trabajadoras-del-hogar\/","title":{"rendered":"\u00bfPor qu\u00e9 se conmemora hoy el D\u00eda Internacional de las Trabajadoras del Hogar?"},"content":{"rendered":"<p>&nbsp;<\/p>\n<h5>Fue en el a\u00f1o 1988 cuando se proclam\u00f3 el 30 de marzo como el D\u00eda Internacional de las Trabajadoras del Hogar, por medio del primer gran Congreso de Trabajadoras del Hogar, que tuvo lugar en Bogot\u00e1, Colombia.<\/h5>\n<p>En 1988, en Bogot\u00e1, Colombia, tuvo lugar el primer Congreso de Trabajadoras del Hogar, donde se conform\u00f3 la Confederaci\u00f3n Latinoamericana y del Caribe de Trabajadoras del Hogar (CONLATRAHO), y se instituy\u00f3 el 30 de marzo como D\u00eda Internacional de las Trabajadoras del Hogar, como fecha conmemorativa y de reivindicaci\u00f3n de los derechos de este sector compuesto en su mayor\u00eda por mujeres; precisamente con la intenci\u00f3n de colocar en la agenda p\u00fablica su situaci\u00f3n de discriminaci\u00f3n sistem\u00e1tica y llamar la atenci\u00f3n ante la indiferencia social.<\/p>\n<p>En esa reuni\u00f3n se discutieron muchos asuntos, pero los de mayor inter\u00e9s eran la gran discriminaci\u00f3n que sufren las personas que se dedican a esta labor, la falta de leyes que les amparen, el establecimiento de un pago digno por su labor y el derecho a una protecci\u00f3n social por parte de los estados.<\/p>\n<p>El trabajo dom\u00e9stico consiste en el trabajo realizado en un hogar y para \u00e9l, incluidas las tareas dom\u00e9sticas, el cuidado de ni\u00f1os y otros cuidados personales. De manera gen\u00e9rica se puede diferenciar entre remunerado y no remunerado. \u00abTrabajo del hogar\u00bb es el nombre con el que las trabajadoras reivindican su actividad econ\u00f3mica, productiva.<\/p>\n<p>Para diferenciar las labores dom\u00e9sticas que se realizan en casa, generalmente tenemos las remuneradas y las no remuneradas realizadas por integrantes de la familia, las trabajadoras del hogar han definido que se les denomine de esa manera, precisamente porque lo que exigen en primera instancia es que se les reconozca como trabajadoras y que en correspondencia con esta condici\u00f3n, tengan acceso igual al goce de los derechos como cualquier trabajador y trabajadora.<\/p>\n<p>Es preciso recordar que la corresponsabilidad social del cuidado, la protecci\u00f3n de la maternidad y el pleno reconocimiento de derechos de las y los trabajadores dom\u00e9sticos remunerados, son elementos importantes de una pol\u00edtica p\u00fablica que reconoce que no puede haber discriminaci\u00f3n por sexo en las relaciones laborales.<\/p>\n<p>Finalmente, las Agencias de las Naciones Unidas instan a las autoridades y a la sociedad a garantizar y respetar los derechos de los y las trabajadoras del hogar y prevenir y eliminar cualquier tipo de discriminaci\u00f3n en la ley y en la pr\u00e1ctica, reiterando su plena disponibilidad para seguir trabajando conjuntamente con los Estados y la sociedad en favor del respeto y protecci\u00f3n de los derechos humanos de todas las personas.<\/p>\n<p>&nbsp;<\/p>\n<p>&nbsp;<\/p>\n","protected":false},"excerpt":{"rendered":"<p>&nbsp; Fue en el a\u00f1o 1988 cuando se proclam\u00f3 el 30 de marzo como el D\u00eda Internacional de las Trabajadoras<\/p>\n","protected":false},"author":1,"featured_media":73375,"comment_status":"closed","ping_status":"closed","sticky":false,"template":"","format":"standard","meta":{"kia_subtitle":"","footnotes":"","jetpack_publicize_message":"\u00bfPor qu\u00e9 se conmemora hoy el D\u00eda Internacional de las Trabajadoras del Hogar?","jetpack_publicize_feature_enabled":true,"jetpack_social_post_already_shared":true,"jetpack_social_options":{"image_generator_settings":{"template":"highway","default_image_id":0,"font":"","enabled":false},"version":2}},"categories":[5,2594],"tags":[],"class_list":["post-73374","post","type-post","status-publish","format-standard","has-post-thumbnail","hentry","category-cultura","category-efemerides"],"jetpack_publicize_connections":[],"jetpack_featured_media_url":"https:\/\/laurbedigital.com.ar\/noticias\/wp-content\/uploads\/2022\/03\/20220330-Trabajadora.jpg","_links":{"self":[{"href":"https:\/\/laurbedigital.com.ar\/noticias\/wp-json\/wp\/v2\/posts\/73374","targetHints":{"allow":["GET"]}}],"collection":[{"href":"https:\/\/laurbedigital.com.ar\/noticias\/wp-json\/wp\/v2\/posts"}],"about":[{"href":"https:\/\/laurbedigital.com.ar\/noticias\/wp-json\/wp\/v2\/types\/post"}],"author":[{"embeddable":true,"href":"https:\/\/laurbedigital.com.ar\/noticias\/wp-json\/wp\/v2\/users\/1"}],"replies":[{"embeddable":true,"href":"https:\/\/laurbedigital.com.ar\/noticias\/wp-json\/wp\/v2\/comments?post=73374"}],"version-history":[{"count":2,"href":"https:\/\/laurbedigital.com.ar\/noticias\/wp-json\/wp\/v2\/posts\/73374\/revisions"}],"predecessor-version":[{"id":73377,"href":"https:\/\/laurbedigital.com.ar\/noticias\/wp-json\/wp\/v2\/posts\/73374\/revisions\/73377"}],"wp:featuredmedia":[{"embeddable":true,"href":"https:\/\/laurbedigital.com.ar\/noticias\/wp-json\/wp\/v2\/media\/73375"}],"wp:attachment":[{"href":"https:\/\/laurbedigital.com.ar\/noticias\/wp-json\/wp\/v2\/media?parent=73374"}],"wp:term":[{"taxonomy":"category","embeddable":true,"href":"https:\/\/laurbedigital.com.ar\/noticias\/wp-json\/wp\/v2\/categories?post=73374"},{"taxonomy":"post_tag","embeddable":true,"href":"https:\/\/laurbedigital.com.ar\/noticias\/wp-json\/wp\/v2\/tags?post=73374"}],"curies":[{"name":"wp","href":"https:\/\/api.w.org\/{rel}","templated":true}]}}