{"id":7321,"date":"2017-05-24T18:27:20","date_gmt":"2017-05-24T21:27:20","guid":{"rendered":"http:\/\/laurbedigital.com.ar\/noticias\/?p=7321"},"modified":"2017-05-24T18:27:20","modified_gmt":"2017-05-24T21:27:20","slug":"alte-brown-celebra-en-rafael-calzada-el-207-aniversario-de-la-revolucion-de-mayo","status":"publish","type":"post","link":"https:\/\/laurbedigital.com.ar\/noticias\/2017\/05\/24\/alte-brown-celebra-en-rafael-calzada-el-207-aniversario-de-la-revolucion-de-mayo\/","title":{"rendered":"Alte Brown celebra en Rafael Calzada el 207\u00b0 aniversario de la Revoluci\u00f3n de Mayo"},"content":{"rendered":"<div id=\"m_-4563578528968306063yui_3_16_0_ym19_1_1495648444526_149890\" class=\"m_-4563578528968306063yiv7369423511MsoNormal\" dir=\"ltr\"><span id=\"m_-4563578528968306063yui_3_16_0_ym19_1_1495648444526_149889\">El Municipio de Almirante Brown invit\u00f3 a los vecinos a participar del acto y desfile en el marco de los festejos por el 207\u00b0 aniversario de la Revoluci\u00f3n de Mayo.<\/span><\/div>\n<div id=\"m_-4563578528968306063yui_3_16_0_ym19_1_1495648444526_149890\" class=\"m_-4563578528968306063yiv7369423511MsoNormal\" dir=\"ltr\"><\/div>\n<div id=\"m_-4563578528968306063yui_3_16_0_ym19_1_1495648444526_149926\" class=\"m_-4563578528968306063yiv7369423511MsoNormal\"><span id=\"m_-4563578528968306063yui_3_16_0_ym19_1_1495648444526_149925\">Las actividades tendr\u00e1n lugar en la Plaza 25 de Mayo, sita en Col\u00f3n, Mart\u00edn Ar\u00edn, Lavalle y Rivadavia de dicha localidad browniana.<\/span><\/div>\n<div id=\"m_-4563578528968306063yui_3_16_0_ym19_1_1495648444526_149926\" class=\"m_-4563578528968306063yiv7369423511MsoNormal\"><\/div>\n<div id=\"m_-4563578528968306063yui_3_16_0_ym19_1_1495648444526_149989\" class=\"m_-4563578528968306063yiv7369423511MsoNormal\"><span id=\"m_-4563578528968306063yui_3_16_0_ym19_1_1495648444526_149990\">De acuerdo con lo previsto, \u00a0se realizar\u00e1n desde las 10,30 e incluir\u00e1n desfile c\u00edvico, con participaci\u00f3n de delegaciones de establecimientos educativos, instituciones\u00a0 de bien p\u00fablico y centros tradicionalistas.<\/span><\/div>\n<div id=\"m_-4563578528968306063yui_3_16_0_ym19_1_1495648444526_149996\" class=\"m_-4563578528968306063yiv7369423511MsoNormal\"><\/div>\n<div id=\"m_-4563578528968306063yui_3_16_0_ym19_1_1495648444526_149991\" class=\"m_-4563578528968306063yiv7369423511MsoNormal\"><span id=\"m_-4563578528968306063yui_3_16_0_ym19_1_1495648444526_149995\">Adem\u00e1s,\u00a0 habr\u00e1 n\u00fameros art\u00edsticos, con actuaciones de ballets folcl\u00f3ricos, entre otras actividades culturales.<\/span><\/div>\n<div id=\"m_-4563578528968306063yui_3_16_0_ym19_1_1495648444526_149992\" class=\"m_-4563578528968306063yiv7369423511MsoNormal\"><\/div>\n<div id=\"m_-4563578528968306063yui_3_16_0_ym19_1_1495648444526_149994\" class=\"m_-4563578528968306063yiv7369423511MsoNormal\"><span id=\"m_-4563578528968306063yui_3_16_0_ym19_1_1495648444526_149993\">El caso de lluvia, la ceremonia se trasladar\u00e1 a la Iglesia de la Sant\u00edsima Trinidad, ubicada en la avenida San Mart\u00edn al 3.600 donde se oficiar\u00e1 un solemne Te Deum a partir de las 10,30.<\/span><\/div>\n","protected":false},"excerpt":{"rendered":"<p>El Municipio de Almirante Brown invit\u00f3 a los vecinos a participar del acto y desfile en el marco de los<\/p>\n","protected":false},"author":1,"featured_media":7322,"comment_status":"closed","ping_status":"closed","sticky":false,"template":"","format":"standard","meta":{"kia_subtitle":"","footnotes":"","jetpack_publicize_message":"","jetpack_publicize_feature_enabled":true,"jetpack_social_post_already_shared":true,"jetpack_social_options":{"image_generator_settings":{"template":"highway","default_image_id":0,"font":"","enabled":false},"version":2}},"categories":[33,2],"tags":[],"class_list":["post-7321","post","type-post","status-publish","format-standard","has-post-thumbnail","hentry","category-alte-brown-alte-brown","category-alte-brown"],"jetpack_publicize_connections":[],"jetpack_featured_media_url":"https:\/\/laurbedigital.com.ar\/noticias\/wp-content\/uploads\/2017\/05\/20170524-brown.jpg","_links":{"self":[{"href":"https:\/\/laurbedigital.com.ar\/noticias\/wp-json\/wp\/v2\/posts\/7321","targetHints":{"allow":["GET"]}}],"collection":[{"href":"https:\/\/laurbedigital.com.ar\/noticias\/wp-json\/wp\/v2\/posts"}],"about":[{"href":"https:\/\/laurbedigital.com.ar\/noticias\/wp-json\/wp\/v2\/types\/post"}],"author":[{"embeddable":true,"href":"https:\/\/laurbedigital.com.ar\/noticias\/wp-json\/wp\/v2\/users\/1"}],"replies":[{"embeddable":true,"href":"https:\/\/laurbedigital.com.ar\/noticias\/wp-json\/wp\/v2\/comments?post=7321"}],"version-history":[{"count":1,"href":"https:\/\/laurbedigital.com.ar\/noticias\/wp-json\/wp\/v2\/posts\/7321\/revisions"}],"predecessor-version":[{"id":7323,"href":"https:\/\/laurbedigital.com.ar\/noticias\/wp-json\/wp\/v2\/posts\/7321\/revisions\/7323"}],"wp:featuredmedia":[{"embeddable":true,"href":"https:\/\/laurbedigital.com.ar\/noticias\/wp-json\/wp\/v2\/media\/7322"}],"wp:attachment":[{"href":"https:\/\/laurbedigital.com.ar\/noticias\/wp-json\/wp\/v2\/media?parent=7321"}],"wp:term":[{"taxonomy":"category","embeddable":true,"href":"https:\/\/laurbedigital.com.ar\/noticias\/wp-json\/wp\/v2\/categories?post=7321"},{"taxonomy":"post_tag","embeddable":true,"href":"https:\/\/laurbedigital.com.ar\/noticias\/wp-json\/wp\/v2\/tags?post=7321"}],"curies":[{"name":"wp","href":"https:\/\/api.w.org\/{rel}","templated":true}]}}