{"id":73182,"date":"2023-03-28T00:02:17","date_gmt":"2023-03-28T03:02:17","guid":{"rendered":"https:\/\/laurbedigital.com.ar\/noticias\/?p=73182"},"modified":"2023-03-27T20:00:34","modified_gmt":"2023-03-27T23:00:34","slug":"efemerides-del-28-de-marzo-que-se-celebra","status":"publish","type":"post","link":"https:\/\/laurbedigital.com.ar\/noticias\/2023\/03\/28\/efemerides-del-28-de-marzo-que-se-celebra\/","title":{"rendered":"Efem\u00e9rides del 28 de marzo: \u00bfqu\u00e9 se celebra?"},"content":{"rendered":"<p>&nbsp;<\/p>\n<h6>Como es costumbre, se conmemoran diversas fechas especiales en todo el mundo y tambi\u00e9n en Argentina. Por eso, te contamos cu\u00e1les son las efem\u00e9rides m\u00e1s importantes del d\u00eda.<\/h6>\n<p><b>1838\u00a0&#8211; PUERTO DE BS. AS.<\/b>\u00a0Una escuadra naval francesa bloquea el puerto de Buenos Aires luego de que el gobernador bonaerense Juan Manuel de Rosas dispusiera un aumento del 25% en los impuestos de la Confederaci\u00f3n Argentina a la importaci\u00f3n de mercanc\u00edas.<\/p>\n<p><b>1932\u00a0&#8211; EBER DECIBE<\/b>. Nace en la ciudad bonaerense de Bragado el humorista Eber Luis Decibe, m\u00e1s conocido como Cal\u00edgula, quien gan\u00f3 gran popularidad por su trabajo en exitosos programas de televisi\u00f3n, como La revista dislocada y Telec\u00f3micos.<\/p>\n<p><b>1936\u00a0&#8211; VARGAS LLOSA<\/b>. Nace en la ciudad peruana de Arequipa el escritor Mario Vargas LLosa, uno de los m\u00e1s importantes novelistas contempor\u00e1neos, ganador del Premio Nobel de Literatura de 2010 y del Cervantes de 1994, entre otros galardones.<\/p>\n<p><b>1941\u00a0&#8211; VIRGINIA WOOLF.\u00a0<\/b>A la edad de 59 a\u00f1os muere en el condado ingl\u00e9s de Sussex la escritora brit\u00e1nica Virginia Wolf (Adeline Virginia Stephen) figura destacada del modernismo vanguardista anglosaj\u00f3n y del feminismo internacional.<\/p>\n<p><b>1963\u00a0&#8211; LOS P\u00c1JAROS<\/b>. Se estrena en Estados Unidos la pel\u00edcula Los p\u00e1jaros (The birds), del c\u00e9lebre cineasta brit\u00e1nico Alfred Hitchcock, uno de los grandes cl\u00e1sicos de la historia de la cinematograf\u00eda. Se basa en una novela corta hom\u00f3nima de suspenso y terror escrita por Daphne du Maurier en 1952.<\/p>\n<p><b>1977\u00a0&#8211; WALDO DE LOS R\u00cdOS<\/b>. A la edad de 42 a\u00f1os se suicida en Madrid el exitoso pianista y director de orquesta argentino Waldo De los R\u00edos (Osvaldo Nicol\u00e1s Ferraro), quien padec\u00eda un severo cuadro de depresi\u00f3n. Es recordado por transformar obras muy conocidas de m\u00fasica cl\u00e1sica en m\u00fasica pop.<\/p>\n<p><b>1986\u00a0&#8211; LADY GAGA.\u00a0<\/b>Nace en la ciudad de Nueva York la cantautora, productora y dise\u00f1adora de moda estadounidense Lady Gaga (Stefani Joanne Angelina Germanotta), quien lleva ganados doce Grammy en diez categor\u00edas del premio a la producci\u00f3n musical instituido por la Academia Nacional de Artes y Ciencias de la Grabaci\u00f3n de Estados Unidos.<\/p>\n<p><b>2013\u00a0&#8211; GARC\u00cdA FERR\u00c9.<\/b>\u00a0Muere en Buenos Aires, a la edad de 83 a\u00f1os, el historietista espa\u00f1ol Manuel Garc\u00eda Ferr\u00e9, creador en la Argentina de los populares personajes infantiles Anteojito, Hijitus, Larguirucho y Calcul\u00edn, entre otros.<\/p>\n<p><b>2<\/b><b>013\u00a0&#8211; PAPA FRANCISCO.<\/b>\u00a0El papa Francisco se convierte en el primer pont\u00edfice en incluir a mujeres en la ceremonia del Jueves Santo de la Iglesia cat\u00f3lica en la Ciudad del Vaticano.<\/p>\n<p><b>2019\u00a0&#8211; EMANUEL GINOBILI.\u00a0<\/b>El basquetbolista Emanuel Gin\u00f3bili, considerado el mejor de la historia de ese deporte en la Argentina, es homenajeado por el San Antonio Spurs, que retir\u00f3 para siempre la camiseta n\u00famero 20 con la que brill\u00f3 en ese equipo de la Asociaci\u00f3n Nacional de B\u00e1squetbol de EEUU (NBA).<\/p>\n<p>&nbsp;<\/p>\n<p>&nbsp;<\/p>\n","protected":false},"excerpt":{"rendered":"<p>&nbsp; Como es costumbre, se conmemoran diversas fechas especiales en todo el mundo y tambi\u00e9n en Argentina. Por eso, te<\/p>\n","protected":false},"author":1,"featured_media":73183,"comment_status":"closed","ping_status":"closed","sticky":false,"template":"","format":"standard","meta":{"kia_subtitle":"","footnotes":"","jetpack_publicize_message":"Efem\u00e9rides del 28 de marzo: \u00bfqu\u00e9 se celebra?","jetpack_publicize_feature_enabled":true,"jetpack_social_post_already_shared":true,"jetpack_social_options":{"image_generator_settings":{"template":"highway","default_image_id":0,"font":"","enabled":false},"version":2}},"categories":[5,2594],"tags":[],"class_list":["post-73182","post","type-post","status-publish","format-standard","has-post-thumbnail","hentry","category-cultura","category-efemerides"],"jetpack_publicize_connections":[],"jetpack_featured_media_url":"https:\/\/laurbedigital.com.ar\/noticias\/wp-content\/uploads\/2022\/03\/20220328-Ginobilli.jpg","_links":{"self":[{"href":"https:\/\/laurbedigital.com.ar\/noticias\/wp-json\/wp\/v2\/posts\/73182","targetHints":{"allow":["GET"]}}],"collection":[{"href":"https:\/\/laurbedigital.com.ar\/noticias\/wp-json\/wp\/v2\/posts"}],"about":[{"href":"https:\/\/laurbedigital.com.ar\/noticias\/wp-json\/wp\/v2\/types\/post"}],"author":[{"embeddable":true,"href":"https:\/\/laurbedigital.com.ar\/noticias\/wp-json\/wp\/v2\/users\/1"}],"replies":[{"embeddable":true,"href":"https:\/\/laurbedigital.com.ar\/noticias\/wp-json\/wp\/v2\/comments?post=73182"}],"version-history":[{"count":3,"href":"https:\/\/laurbedigital.com.ar\/noticias\/wp-json\/wp\/v2\/posts\/73182\/revisions"}],"predecessor-version":[{"id":73185,"href":"https:\/\/laurbedigital.com.ar\/noticias\/wp-json\/wp\/v2\/posts\/73182\/revisions\/73185"}],"wp:featuredmedia":[{"embeddable":true,"href":"https:\/\/laurbedigital.com.ar\/noticias\/wp-json\/wp\/v2\/media\/73183"}],"wp:attachment":[{"href":"https:\/\/laurbedigital.com.ar\/noticias\/wp-json\/wp\/v2\/media?parent=73182"}],"wp:term":[{"taxonomy":"category","embeddable":true,"href":"https:\/\/laurbedigital.com.ar\/noticias\/wp-json\/wp\/v2\/categories?post=73182"},{"taxonomy":"post_tag","embeddable":true,"href":"https:\/\/laurbedigital.com.ar\/noticias\/wp-json\/wp\/v2\/tags?post=73182"}],"curies":[{"name":"wp","href":"https:\/\/api.w.org\/{rel}","templated":true}]}}