{"id":73044,"date":"2022-03-25T00:50:21","date_gmt":"2022-03-25T03:50:21","guid":{"rendered":"https:\/\/laurbedigital.com.ar\/noticias\/?p=73044"},"modified":"2022-03-25T00:50:21","modified_gmt":"2022-03-25T03:50:21","slug":"apunalo-a-su-pareja-lo-declararon-inimputable-y-la-familia-de-ella-vive-con-miedo","status":"publish","type":"post","link":"https:\/\/laurbedigital.com.ar\/noticias\/2022\/03\/25\/apunalo-a-su-pareja-lo-declararon-inimputable-y-la-familia-de-ella-vive-con-miedo\/","title":{"rendered":"Apu\u00f1al\u00f3 a su pareja, lo declararon inimputable y la familia de ella vive con miedo"},"content":{"rendered":"<p>&nbsp;<\/p>\n<h5>\u00abEstamos aterradas. \u00c9l est\u00e1 libre y sabe exactamente d\u00f3nde vivimos\u00bb, asegur\u00f3 Karina Juncos, hermana de Mar\u00eda Dolores, quien fue asesinada por Ram\u00f3n Acu\u00f1a en septiembre de 2020.<\/h5>\n<p>Un hombre que asesin\u00f3 de 11 pu\u00f1aladas a su pareja\u00a0<strong>en septiembre de 2020 en la localidad bonaerense de Isidro Casanova fue declarado inimputable por un Tribunal Oral de La Matanza,<\/strong>\u00a0que decidi\u00f3 enviarlo a su domicilio bajo la sugerencia de realizar un\u00a0<strong>tratamiento psiqui\u00e1trico,<\/strong>\u00a0a pesar de que para el fiscal del caso representa un \u00abriesgo para terceros\u00bb y la familia de la v\u00edctima denunci\u00f3 que nunca fue notificada de la liberaci\u00f3n del acusado y teme que pueda regresar para atacarlos.<\/p>\n<p>\u00abEstamos aterradas. Tenemos mucha angustia y desesperaci\u00f3n. \u00c9l est\u00e1 libre y sabe exactamente d\u00f3nde vivimos. Despu\u00e9s de lo que hizo, no sabemos qu\u00e9 esperar de un tipo as\u00ed\u00bb, expres\u00f3 angustiada en di\u00e1logo con T\u00e9lam<strong>\u00a0Karina Juncos, hermana de la v\u00edctima, que dijo que \u00abno recibi\u00f3 ni una sola explicaci\u00f3n de la Justicia\u00bb<\/strong>\u00a0sobre la liberaci\u00f3n de Ram\u00f3n Hermes Acu\u00f1a (78).<\/p>\n<p>El hombre fue considerado\u00a0<strong>\u00abinimputable\u00bb por el Tribunal Oral en lo Criminal (TOC) 1 de La Matanza<\/strong>\u00a0el pasado 22 de febrero, a pesar de que estaba acusado de ser el autor del \u00abhomicidio agravado por el v\u00ednculo de pareja existente con la v\u00edctima y por haberse perpetrado contra una mujer por un hombre, mediando violencia de g\u00e9nero\u00bb en perjuicio de su pareja, Mar\u00eda Dolores Juncos.<\/p>\n<p>Tal\u00a0<strong>medida fue adoptada por los jueces Alfredo Drocchi, Mat\u00edas Rouco y Andrea Schiebeler,<\/strong>\u00a0que basaron su fallo en una pericia psiqui\u00e1trica realizada por profesionales del Gabinete Psiqui\u00e1trico Forense, dependiente de la Direcci\u00f3n de Salud Mental de la Direcci\u00f3n Provincial de Salud Penitenciaria.<\/p>\n<p>La misma determin\u00f3 que \u00abel acusado no estaba en condiciones de ser juzgado\u00bb y que \u00abno presenta riesgo cierto e inminente en la actualidad\u00bb, por lo que los magistrados ordenaron su inmediata excarcelaci\u00f3n y solamente le \u00absugirieron\u00bb a Hermes Acu\u00f1a \u00abla continuaci\u00f3n de un tratamiento psicol\u00f3gico &#8211; psiqui\u00e1trico\u00bb.<\/p>\n<p>Nueve meses antes, en otra pericia,\u00a0<strong>psiquiatras de la Procuraci\u00f3n General de la Suprema Corte de Justicia bonaerense\u00a0<\/strong>hab\u00edan hecho un diagn\u00f3stico similar, al aducir que Hermes \u00abno obr\u00f3 con voluntad ni libertad de conciencia dado que su accionar estuvo condicionado por s\u00edndrome delirante celot\u00edpico montado en personalidad prem\u00f3rbida de tipo narcisista\u00bb.<\/p>\n<p>Sin embargo, dicho informe dec\u00eda que el hombre de 78 a\u00f1os presentaba \u00abalteraciones morbosas de sus facultades mentales con ideaci\u00f3n de perjuicio de terceros y rasgos paranoides, que son pasibles de desencadenarse toda vez que se pongan en riesgo sus intereses\u00bb, por lo que recomendaron que el hombre \u00absea internado en un establecimiento psiqui\u00e1trico\u00bb.<\/p>\n<p><strong>\u00abNunca vi que en nueve meses se cambie tan radicalmente el diagn\u00f3stico de una persona\u00bb<\/strong>, se\u00f1al\u00f3 a t\u00e9lam una fuente judicial con acceso al expediente.<\/p>\n<p>Por su parte,<strong>\u00a0el fiscal de la causa, Alfredo Luppino, apel\u00f3 el fallo de los magistrados y pidi\u00f3 que se \u00abrevoque el sobreseimiento\u00bb y que \u00abse haga nula la excarcelaci\u00f3n\u00bb<\/strong>, con el fin de que Hermes Acu\u00f1a quede bajo la custodia de un hospital neuropsiqui\u00e1trico.<\/p>\n<p><img loading=\"lazy\" decoding=\"async\" class=\"alignnone  wp-image-73045\" src=\"https:\/\/laurbedigital.com.ar\/noticias\/wp-content\/uploads\/2022\/03\/juncos.jpg\" alt=\"\" width=\"720\" height=\"405\" title=\"\" srcset=\"https:\/\/laurbedigital.com.ar\/noticias\/wp-content\/uploads\/2022\/03\/juncos.jpg 1920w, https:\/\/laurbedigital.com.ar\/noticias\/wp-content\/uploads\/2022\/03\/juncos-300x169.jpg 300w, https:\/\/laurbedigital.com.ar\/noticias\/wp-content\/uploads\/2022\/03\/juncos-1024x576.jpg 1024w, https:\/\/laurbedigital.com.ar\/noticias\/wp-content\/uploads\/2022\/03\/juncos-768x432.jpg 768w, https:\/\/laurbedigital.com.ar\/noticias\/wp-content\/uploads\/2022\/03\/juncos-1536x864.jpg 1536w\" sizes=\"auto, (max-width: 720px) 100vw, 720px\" \/><\/p>\n<p>En tanto, la familia Juncos denunci\u00f3 que el femicida vive actualmente \u00abcon total normalidad\u00bb en la casa donde Mar\u00eda Dolores fue asesinada.<\/p>\n<p><strong>\u00abNos acostumbramos a vivir con miedo gracias a la justicia de mierda que tenemos.<\/strong>\u00a0No cabe en ninguna cabeza dejar en libertad a un tipo as\u00ed\u00bb, remarc\u00f3 Karina, hermana de la v\u00edctima, a la vez que a\u00f1adi\u00f3: \u00abNos enteramos que el tipo se fue de vacaciones a Corrientes despu\u00e9s de que lo liberaron, es como si no hubiera pasado nada\u00bb.<\/p>\n<p>Tras la muerte de Mar\u00eda Dolores, Karina, junto a su hermana Virginia y su madre, se hicieron cargo de la custodia de las tres hijas de la v\u00edctima.<\/p>\n<p>\u00abAl principio las nenas estaban muy mal. Ten\u00edan miedo de dormir a la noche. No se dorm\u00edan hasta que era de d\u00eda. Todav\u00eda nos cuesta aceptar la realidad. Ellas est\u00e1n con psic\u00f3loga. Si a m\u00ed me duele y me angustia, imaginate a ellas\u00bb, relat\u00f3 Karina sobre las hijas de la v\u00edctima, todas ellas menores de edad.<\/p>\n<p>En tanto,<strong>\u00a0la familia cont\u00f3 con el acompa\u00f1amiento de la organizaci\u00f3n Atravesados por el femicidio desde \u00abel primer momento\u00bb, la cual calific\u00f3 el fallo del TOC 1 de La Matanza como \u00abhorroroso\u00bb.<\/strong><\/p>\n<p>\u00abMuchas veces la justicia nos pone piedras en el camino. Es muy complicado. Sobre todo cuando la familia no tiene dinero para pagar un abogado\u00bb, opin\u00f3 Marcela Morera, referente de la organizaci\u00f3n.<\/p>\n<p>Al respecto,\u00a0<strong>la familia Juncos denunci\u00f3 que su abogado Walter Fidalgo, un letrado designado por el Estado para actuar como querellantes, \u00abnunca tuvo tiempo\u00bb\u00a0<\/strong>para atenderlos y que finalmente renunci\u00f3 al caso.<\/p>\n<p>\u00abCon nuestro abogado nunca tuvimos ninguna relaci\u00f3n. \u00c9l abandon\u00f3 el caso. Jam\u00e1s tuvo un minuto para atendernos. Nunca lo vi en persona. No le conozco la cara. Es lamentable\u00bb, sentenci\u00f3 Karina.<\/p>\n<h4><strong>El asesinato<\/strong><\/h4>\n<p>Por otro lado, la mujer detall\u00f3 que su hermana mantuvo \u00abuna relaci\u00f3n de 8 meses\u00bb con su homicida Hermes Acu\u00f1a y que ambos se hab\u00edan conocido a trav\u00e9s de una amiga en com\u00fan.<\/p>\n<p><strong>\u00abJam\u00e1s nos esper\u00e1bamos esto de \u00e9l, aunque ten\u00eda reacciones violentas, ten\u00eda malas formas de contestar. Esas reacciones no nos gustaban\u00bb<\/strong>, rememor\u00f3.<\/p>\n<p>A su vez, Karina record\u00f3 el \u00faltimo di\u00e1logo que tuvo con su hermana: \u00abLa noche del 14 de septiembre le dije que me prometa que no iba a ir m\u00e1s a la casa de Hermes. Ella me dec\u00eda que estaba muy cansada y que no aguantaba m\u00e1s. Yo le insist\u00ed para que no le atienda el tel\u00e9fono. Pero al otro d\u00eda me enter\u00e9 que se hab\u00eda ido a lo de \u00e9l y jam\u00e1s la volv\u00ed a ver\u00bb.<\/p>\n<p>El d\u00eda siguiente, el 15 de septiembre del 2020, cerca de las 11 de la ma\u00f1ana una empleada de limpieza que trabajaba en el inmueble de Acu\u00f1a escuch\u00f3 gritos y<strong>\u00a0junto con la hija del hombre encontraron a Mar\u00eda Dolores fallecida en la cama.<\/strong><\/p>\n<p>A su lado, se encontraba con heridas en la garganta Hermes Acu\u00f1a, quien intent\u00f3 suicidarse tras asesinar a su pareja.<\/p>\n<p>Cuando efectivos de la comisar\u00eda de San Alberto oeste 4ta. arribaron al lugar, constataron que la mujer hab\u00eda fallecido a causa de 11 heridas de arma blanca, mientras que Acu\u00f1a fue trasladado de urgencia al hospital Paroissien, donde se recuper\u00f3 y fue trasladado a la Unidad Penal de Melchor Romero hasta que fue liberado el 22 de febrero pasado.<\/p>\n<p>\u00abDespu\u00e9s de que dejan en libertad a una persona que apu\u00f1al\u00f3 a otra de 11 pu\u00f1aladas, no s\u00e9 qu\u00e9 m\u00e1s puedo esperar. Una pierde la fe con todo lo que pas\u00f3\u00bb, concluy\u00f3 Karina Juncos. t\u00e9lam<\/p>\n","protected":false},"excerpt":{"rendered":"<p>&nbsp; \u00abEstamos aterradas. \u00c9l est\u00e1 libre y sabe exactamente d\u00f3nde vivimos\u00bb, asegur\u00f3 Karina Juncos, hermana de Mar\u00eda Dolores, quien fue<\/p>\n","protected":false},"author":1,"featured_media":73046,"comment_status":"closed","ping_status":"closed","sticky":false,"template":"","format":"standard","meta":{"kia_subtitle":"","footnotes":"","jetpack_publicize_message":"Apu\u00f1al\u00f3 a su pareja, lo declararon inimputable y la familia de ella vive con miedo","jetpack_publicize_feature_enabled":true,"jetpack_social_post_already_shared":true,"jetpack_social_options":{"image_generator_settings":{"template":"highway","default_image_id":0,"font":"","enabled":false},"version":2}},"categories":[8],"tags":[],"class_list":["post-73044","post","type-post","status-publish","format-standard","has-post-thumbnail","hentry","category-policiales"],"jetpack_publicize_connections":[],"jetpack_featured_media_url":"https:\/\/laurbedigital.com.ar\/noticias\/wp-content\/uploads\/2022\/03\/20220325-Juncos.jpg","_links":{"self":[{"href":"https:\/\/laurbedigital.com.ar\/noticias\/wp-json\/wp\/v2\/posts\/73044","targetHints":{"allow":["GET"]}}],"collection":[{"href":"https:\/\/laurbedigital.com.ar\/noticias\/wp-json\/wp\/v2\/posts"}],"about":[{"href":"https:\/\/laurbedigital.com.ar\/noticias\/wp-json\/wp\/v2\/types\/post"}],"author":[{"embeddable":true,"href":"https:\/\/laurbedigital.com.ar\/noticias\/wp-json\/wp\/v2\/users\/1"}],"replies":[{"embeddable":true,"href":"https:\/\/laurbedigital.com.ar\/noticias\/wp-json\/wp\/v2\/comments?post=73044"}],"version-history":[{"count":2,"href":"https:\/\/laurbedigital.com.ar\/noticias\/wp-json\/wp\/v2\/posts\/73044\/revisions"}],"predecessor-version":[{"id":73048,"href":"https:\/\/laurbedigital.com.ar\/noticias\/wp-json\/wp\/v2\/posts\/73044\/revisions\/73048"}],"wp:featuredmedia":[{"embeddable":true,"href":"https:\/\/laurbedigital.com.ar\/noticias\/wp-json\/wp\/v2\/media\/73046"}],"wp:attachment":[{"href":"https:\/\/laurbedigital.com.ar\/noticias\/wp-json\/wp\/v2\/media?parent=73044"}],"wp:term":[{"taxonomy":"category","embeddable":true,"href":"https:\/\/laurbedigital.com.ar\/noticias\/wp-json\/wp\/v2\/categories?post=73044"},{"taxonomy":"post_tag","embeddable":true,"href":"https:\/\/laurbedigital.com.ar\/noticias\/wp-json\/wp\/v2\/tags?post=73044"}],"curies":[{"name":"wp","href":"https:\/\/api.w.org\/{rel}","templated":true}]}}