{"id":72961,"date":"2022-03-23T19:57:58","date_gmt":"2022-03-23T22:57:58","guid":{"rendered":"https:\/\/laurbedigital.com.ar\/noticias\/?p=72961"},"modified":"2022-03-23T19:57:58","modified_gmt":"2022-03-23T22:57:58","slug":"kicillof-este-24-de-marzo-debemos-convertir-nuestra-historia-en-un-compromiso-por-transformar-a-fondo-nuestra-sociedad","status":"publish","type":"post","link":"https:\/\/laurbedigital.com.ar\/noticias\/2022\/03\/23\/kicillof-este-24-de-marzo-debemos-convertir-nuestra-historia-en-un-compromiso-por-transformar-a-fondo-nuestra-sociedad\/","title":{"rendered":"Kicillof: \u201cEste 24 de marzo debemos convertir nuestra historia en un compromiso por transformar a fondo nuestra sociedad\u201d"},"content":{"rendered":"<p>&nbsp;<\/p>\n<h5>As\u00ed lo expres\u00f3 el Gobernador en contexto de las actividades en conmemoraci\u00f3n por el D\u00eda Nacional de la Memoria, por la Verdad y la Justicia.<\/h5>\n<p>En el marco de las actividades en conmemoraci\u00f3n por el D\u00eda Nacional de la Memoria, por la Verdad y la Justicia, el gobernador Axel Kicillof encabez\u00f3 esta tarde el acto de cesi\u00f3n formal del ex Destacamento de Inteligencia 101 de La Plata a la provincia de Buenos Aires, que emplazar\u00e1 all\u00ed el Archivo Provincial de la Memoria. Fue en la Casa de Gobierno junto a la vicegobernadora, Ver\u00f3nica Magario; los ministros de Justicia y Derechos Humanos, Julio Alak; y de Desarrollo de la Comunidad, Andr\u00e9s Larroque; el subsecretario de Derechos Humanos, Mat\u00edas Moreno; y las Madres de Plaza de Mayo Hebe de Bonafini y Herenia S\u00e1nchez Viamonte.<\/p>\n<p>\u201cComo en cada 24 de marzo, lo importante en esta fecha es renovar otra vez el contenido de nuestras convicciones y compromisos como militantes\u201d, afirm\u00f3 Kicillof, y agreg\u00f3: \u201cDebemos aprovechar para reflexionar y estar junto a un pueblo que se compromete para que todos los esfuerzos y las luchas que se han llevado a cabo valgan la pena\u201d.<\/p>\n<p>En ese sentido, el Gobernador sostuvo: \u201cTenemos que convertir nuestra historia en la convicci\u00f3n, el compromiso y la promesa de transformar a fondo nuestra sociedad\u201d. \u201cPara cuidar todos los esfuerzos que se hicieron, necesitamos que la juventud reflexione y se sume a esta lucha\u201d, a\u00f1adi\u00f3, y concluy\u00f3: \u201cMa\u00f1ana ser\u00e1 un d\u00eda de memoria, verdad y justicia y, al mismo tiempo, un d\u00eda de lucha\u201d.<\/p>\n<p><img loading=\"lazy\" decoding=\"async\" class=\"alignnone  wp-image-72964\" src=\"https:\/\/laurbedigital.com.ar\/noticias\/wp-content\/uploads\/2022\/03\/Kicillof4-1.jpg\" alt=\"\" width=\"718\" height=\"479\" title=\"\" srcset=\"https:\/\/laurbedigital.com.ar\/noticias\/wp-content\/uploads\/2022\/03\/Kicillof4-1.jpg 679w, https:\/\/laurbedigital.com.ar\/noticias\/wp-content\/uploads\/2022\/03\/Kicillof4-1-300x200.jpg 300w\" sizes=\"auto, (max-width: 718px) 100vw, 718px\" \/><\/p>\n<p>El ministro Alak explic\u00f3 que \u201cla Provincia nos ha instruido para hacer un relevamiento de los decretos vigentes que hayan sido dictados por dictaduras para proceder a su derogaci\u00f3n: la normativa bonaerense tiene que ajustarse a la Constituci\u00f3n y a los Derechos Humanos\u201d. Adem\u00e1s, detall\u00f3 que \u201cse impulsa la puesta en valor de todos los espacios de memoria, con el compromiso de que se encuentren en perfecto estado\u201d. \u201cLos preservaremos para el acceso de nuestros vecinos y vecinas, pero tambi\u00e9n para que el Poder Judicial pueda seguir avanzando en las causas vigentes\u201d, resalt\u00f3.<\/p>\n<p>El ex Destacamento de Inteligencia 101 del Ej\u00e9rcito Argentino fue una de las bases de operaciones en las que la \u00faltima dictadura c\u00edvico militar sistematiz\u00f3 su plan represivo. Fue cedido por la \u00a0Agencia de Administraci\u00f3n de Bienes del Estado (AABE) a la Subsecretar\u00eda de Derechos Humanos para la puesta en funcionamiento del Archivo Provincial de la Memoria, \u00e1mbito que busca facilitar la preservaci\u00f3n y conservaci\u00f3n de materiales hist\u00f3ricos, as\u00ed como resguardar el acervo documental para los procesos judiciales. Estuvo presente el vicepresidente de la AABE, Juan Debandi, para formalizar la cesi\u00f3n.<\/p>\n<p>Por su parte, Moreno destac\u00f3 que \u201cel 24 de marzo pasa por la militancia y su presencia en las calles, y en el caso de quienes tenemos la responsabilidad de gesti\u00f3n tambi\u00e9n tiene que ver con el trabajo y con nuestra capacidad para dar respuestas\u201d. \u201cDesde el 2003 vivimos un cambio radical en materia de pol\u00edticas de memoria, verdad y justicia, conscientes de que la verdadera reivindicaci\u00f3n de los 30 mil desaparecidos ser\u00e1 cuando construyamos definitivamente la patria que ellos y nosotros so\u00f1amos\u201d, agreg\u00f3.<\/p>\n<p>Durante la ceremonia, se anunci\u00f3 adem\u00e1s la licitaci\u00f3n de obras de preservaci\u00f3n y colocaci\u00f3n del techo del ex centro clandestino de detenci\u00f3n y tortura \u201cLa Cacha\u201d. Los trabajos incluir\u00e1n la construcci\u00f3n de una estructura de cubierta, cerramientos y pasarelas de circulaci\u00f3n para la adecuaci\u00f3n del Espacio para la Memoria y Promoci\u00f3n de los Derechos Humanos.<\/p>\n<p><img loading=\"lazy\" decoding=\"async\" class=\"alignnone size-full wp-image-72967\" src=\"https:\/\/laurbedigital.com.ar\/noticias\/wp-content\/uploads\/2022\/03\/Kicillof4-4.jpg\" alt=\"\" width=\"680\" height=\"414\" title=\"\" srcset=\"https:\/\/laurbedigital.com.ar\/noticias\/wp-content\/uploads\/2022\/03\/Kicillof4-4.jpg 680w, https:\/\/laurbedigital.com.ar\/noticias\/wp-content\/uploads\/2022\/03\/Kicillof4-4-300x183.jpg 300w\" sizes=\"auto, (max-width: 680px) 100vw, 680px\" \/><\/p>\n<p>Asimismo, de Bonafini se\u00f1al\u00f3: \u201cLas Madres encontramos en los Derechos Humanos una posibilidad para socializar la maternidad: no hablamos cada una de sus hijos, sino que hablamos de todos\u201d.<\/p>\n<p>\u201cCon mucha alegr\u00eda observo que la juventud est\u00e1 interesada por los Derechos Humanos: este 24 de marzo cobra mucha fuerza el recuerdo que nos permite pensar sobre todas las cosas que nos pasaron\u201d, afirm\u00f3 S\u00e1nchez Viamonte, y a\u00f1adi\u00f3: \u201cSabemos que nuestros hijos y nietos van a saber c\u00f3mo continuar con esta lucha que empezamos hace 46 a\u00f1os para que nadie olvide lo que pas\u00f3\u201d.<\/p>\n<p>En ese sentido, se realiz\u00f3 tambi\u00e9n el lanzamiento de la segunda edici\u00f3n del programa Futuro Memoria, iniciativa que impulsa la Direcci\u00f3n de Juventudes del Ministerio de Desarrollo de la Comunidad para que j\u00f3venes de entre 14 y 21 a\u00f1os participen de un concurso de producciones art\u00edsticas y culturales vinculadas a tem\u00e1ticas de Memoria, Verdad y Justicia.<\/p>\n<p>En tanto, Magario agradeci\u00f3 \u201ca las Madres y a las Abuelas de Plaza de Mayo en este d\u00eda en el que reivindicamos la Memoria, la Verdad y la Justicia en toda la provincia de Buenos Aires\u201d.<\/p>\n<p>Tambi\u00e9n estuvieron presentes miembros del gabinete provincial, legisladores nacionales y provinciales.<\/p>\n<p><img loading=\"lazy\" decoding=\"async\" class=\"alignnone size-full wp-image-72965\" src=\"https:\/\/laurbedigital.com.ar\/noticias\/wp-content\/uploads\/2022\/03\/Kicillof4-2.jpg\" alt=\"\" width=\"680\" height=\"453\" title=\"\" srcset=\"https:\/\/laurbedigital.com.ar\/noticias\/wp-content\/uploads\/2022\/03\/Kicillof4-2.jpg 680w, https:\/\/laurbedigital.com.ar\/noticias\/wp-content\/uploads\/2022\/03\/Kicillof4-2-300x200.jpg 300w\" sizes=\"auto, (max-width: 680px) 100vw, 680px\" \/><\/p>\n<h4><strong>Inauguraci\u00f3n del mural \u201cEternas Flores por la Memoria\u201d<\/strong><\/h4>\n<p>A continuaci\u00f3n, Kicillof inaugur\u00f3 el mural \u201cEternas Flores por la Memoria\u201d, creado por la artista Mar\u00eda Cristina Terzaghi y su colaborador, Fernando Arrizurieta, \u00a0en uno de los patios internos de la Casa de Gobierno, con el objeto de reivindicar la memoria de los 30 mil desaparecidos y desaparecidas por la \u00faltima Dictadura c\u00edvico militar.<\/p>\n<p>\u201cEstoy muy emocionada porque soy parte de esta generaci\u00f3n que tiene muchos compa\u00f1eros desaparecidos. Hoy estoy feliz porque este mural quede aqu\u00ed para ejercitar la memoria\u201d, enfatiz\u00f3 Terzaghi.<\/p>\n<p>La obra se realiz\u00f3 con la t\u00e9cnica de esgrafiado, que implica la superposici\u00f3n de capas de material de diferentes colores sobre las que se efect\u00faan intervenciones. Para su realizaci\u00f3n, se cont\u00f3 con el aporte de m\u00e1s de 30 trabajadores y trabajadoras de la Provincia.<\/p>\n<blockquote class=\"twitter-tweet\">\n<p dir=\"ltr\" lang=\"es\">Ma\u00f1ana, como cada 24 de marzo, ser\u00e1 un d\u00eda de memoria, verdad y justicia y, al mismo tiempo, un d\u00eda de lucha. Tenemos que convertir nuestra historia en la convicci\u00f3n, el compromiso y la promesa de transformar a fondo nuestra sociedad. <a href=\"https:\/\/t.co\/kwEyRiiZ6Y\">pic.twitter.com\/kwEyRiiZ6Y<\/a><\/p>\n<p>\u2014 Axel Kicillof (@Kicillofok) <a href=\"https:\/\/twitter.com\/Kicillofok\/status\/1506753402134487041?ref_src=twsrc%5Etfw\" target=\"_blank\" rel=\"noopener\">March 23, 2022<\/a><\/p><\/blockquote>\n<p><script async src=\"https:\/\/platform.twitter.com\/widgets.js\" charset=\"utf-8\"><\/script><\/p>\n<p>&nbsp;<\/p>\n","protected":false},"excerpt":{"rendered":"<p>&nbsp; As\u00ed lo expres\u00f3 el Gobernador en contexto de las actividades en conmemoraci\u00f3n por el D\u00eda Nacional de la Memoria,<\/p>\n","protected":false},"author":1,"featured_media":72962,"comment_status":"closed","ping_status":"closed","sticky":false,"template":"","format":"standard","meta":{"kia_subtitle":"","footnotes":"","jetpack_publicize_message":"Kicillof: \u201cEste 24 de marzo debemos convertir nuestra historia en un compromiso por transformar a fondo nuestra sociedad\u201d","jetpack_publicize_feature_enabled":true,"jetpack_social_post_already_shared":true,"jetpack_social_options":{"image_generator_settings":{"template":"highway","default_image_id":0,"font":"","enabled":false},"version":2}},"categories":[3,56],"tags":[],"class_list":["post-72961","post","type-post","status-publish","format-standard","has-post-thumbnail","hentry","category-actualidad","category-buenos-aires"],"jetpack_publicize_connections":[],"jetpack_featured_media_url":"https:\/\/laurbedigital.com.ar\/noticias\/wp-content\/uploads\/2022\/03\/20220323-Kicillof.jpg","_links":{"self":[{"href":"https:\/\/laurbedigital.com.ar\/noticias\/wp-json\/wp\/v2\/posts\/72961","targetHints":{"allow":["GET"]}}],"collection":[{"href":"https:\/\/laurbedigital.com.ar\/noticias\/wp-json\/wp\/v2\/posts"}],"about":[{"href":"https:\/\/laurbedigital.com.ar\/noticias\/wp-json\/wp\/v2\/types\/post"}],"author":[{"embeddable":true,"href":"https:\/\/laurbedigital.com.ar\/noticias\/wp-json\/wp\/v2\/users\/1"}],"replies":[{"embeddable":true,"href":"https:\/\/laurbedigital.com.ar\/noticias\/wp-json\/wp\/v2\/comments?post=72961"}],"version-history":[{"count":2,"href":"https:\/\/laurbedigital.com.ar\/noticias\/wp-json\/wp\/v2\/posts\/72961\/revisions"}],"predecessor-version":[{"id":72969,"href":"https:\/\/laurbedigital.com.ar\/noticias\/wp-json\/wp\/v2\/posts\/72961\/revisions\/72969"}],"wp:featuredmedia":[{"embeddable":true,"href":"https:\/\/laurbedigital.com.ar\/noticias\/wp-json\/wp\/v2\/media\/72962"}],"wp:attachment":[{"href":"https:\/\/laurbedigital.com.ar\/noticias\/wp-json\/wp\/v2\/media?parent=72961"}],"wp:term":[{"taxonomy":"category","embeddable":true,"href":"https:\/\/laurbedigital.com.ar\/noticias\/wp-json\/wp\/v2\/categories?post=72961"},{"taxonomy":"post_tag","embeddable":true,"href":"https:\/\/laurbedigital.com.ar\/noticias\/wp-json\/wp\/v2\/tags?post=72961"}],"curies":[{"name":"wp","href":"https:\/\/api.w.org\/{rel}","templated":true}]}}