{"id":72956,"date":"2022-03-23T19:38:22","date_gmt":"2022-03-23T22:38:22","guid":{"rendered":"https:\/\/laurbedigital.com.ar\/noticias\/?p=72956"},"modified":"2022-03-23T19:38:22","modified_gmt":"2022-03-23T22:38:22","slug":"asimismo-recuerda-a-los-vecinos-colaborar-con-el-mantenimiento-de-la-ciudad-evitando-arrasimismo-recuerda-a-los-vecinos-colaborar-con-el-mantenimiento-de-la-ciudad-evitando-arrojar-residuos-en-horar","status":"publish","type":"post","link":"https:\/\/laurbedigital.com.ar\/noticias\/2022\/03\/23\/asimismo-recuerda-a-los-vecinos-colaborar-con-el-mantenimiento-de-la-ciudad-evitando-arrasimismo-recuerda-a-los-vecinos-colaborar-con-el-mantenimiento-de-la-ciudad-evitando-arrojar-residuos-en-horar\/","title":{"rendered":"Este jueves feriado no habr\u00e1 recolecci\u00f3n de residuos en Almirante Brown"},"content":{"rendered":"<p>&nbsp;<\/p>\n<h5>Ma\u00f1ana jueves 24 de marzo ser\u00e1 feriado nacional conmemora el\u00a0<b>D\u00eda Nacional de la Memoria por la Verdad y la Justicia. <\/b>El Municipio de Almirante Brown solicitando a los vecinos que no saquen la basura durante el d\u00eda.<\/h5>\n<p>Asimismo, solicitaron a la comunidad a colaborar con el mantenimiento del distrito, evitando arrojar residuos en horarios no establecidos, como as\u00ed tambi\u00e9n en lugares no habilitados.<\/p>\n<p>Los recorridos volver\u00e1n a su cronograma habitual el d\u00eda viernes.<\/p>\n<p>En tanto, el transporte p\u00fablico funcionar\u00e1 con cronograma de feriado; es decir, con m\u00e1s tiempo entre unidad y unidad, tanto para colectivos como para el Roca. Los bancos no abren pero s\u00ed estar\u00e1n disponibles los cajeros.<\/p>\n<p>&nbsp;<\/p>\n<p>&nbsp;<\/p>\n","protected":false},"excerpt":{"rendered":"<p>&nbsp; Ma\u00f1ana jueves 24 de marzo ser\u00e1 feriado nacional conmemora el\u00a0D\u00eda Nacional de la Memoria por la Verdad y la<\/p>\n","protected":false},"author":1,"featured_media":72958,"comment_status":"closed","ping_status":"closed","sticky":false,"template":"","format":"standard","meta":{"kia_subtitle":"","footnotes":"","jetpack_publicize_message":"","jetpack_publicize_feature_enabled":true,"jetpack_social_post_already_shared":true,"jetpack_social_options":{"image_generator_settings":{"template":"highway","default_image_id":0,"font":"","enabled":false},"version":2}},"categories":[2,33],"tags":[],"class_list":["post-72956","post","type-post","status-publish","format-standard","has-post-thumbnail","hentry","category-alte-brown","category-alte-brown-alte-brown"],"jetpack_publicize_connections":[],"jetpack_featured_media_url":"https:\/\/laurbedigital.com.ar\/noticias\/wp-content\/uploads\/2022\/03\/20220323-Brown-camiones.jpg","_links":{"self":[{"href":"https:\/\/laurbedigital.com.ar\/noticias\/wp-json\/wp\/v2\/posts\/72956","targetHints":{"allow":["GET"]}}],"collection":[{"href":"https:\/\/laurbedigital.com.ar\/noticias\/wp-json\/wp\/v2\/posts"}],"about":[{"href":"https:\/\/laurbedigital.com.ar\/noticias\/wp-json\/wp\/v2\/types\/post"}],"author":[{"embeddable":true,"href":"https:\/\/laurbedigital.com.ar\/noticias\/wp-json\/wp\/v2\/users\/1"}],"replies":[{"embeddable":true,"href":"https:\/\/laurbedigital.com.ar\/noticias\/wp-json\/wp\/v2\/comments?post=72956"}],"version-history":[{"count":2,"href":"https:\/\/laurbedigital.com.ar\/noticias\/wp-json\/wp\/v2\/posts\/72956\/revisions"}],"predecessor-version":[{"id":72960,"href":"https:\/\/laurbedigital.com.ar\/noticias\/wp-json\/wp\/v2\/posts\/72956\/revisions\/72960"}],"wp:featuredmedia":[{"embeddable":true,"href":"https:\/\/laurbedigital.com.ar\/noticias\/wp-json\/wp\/v2\/media\/72958"}],"wp:attachment":[{"href":"https:\/\/laurbedigital.com.ar\/noticias\/wp-json\/wp\/v2\/media?parent=72956"}],"wp:term":[{"taxonomy":"category","embeddable":true,"href":"https:\/\/laurbedigital.com.ar\/noticias\/wp-json\/wp\/v2\/categories?post=72956"},{"taxonomy":"post_tag","embeddable":true,"href":"https:\/\/laurbedigital.com.ar\/noticias\/wp-json\/wp\/v2\/tags?post=72956"}],"curies":[{"name":"wp","href":"https:\/\/api.w.org\/{rel}","templated":true}]}}