{"id":72914,"date":"2022-03-23T11:51:56","date_gmt":"2022-03-23T14:51:56","guid":{"rendered":"https:\/\/laurbedigital.com.ar\/noticias\/?p=72914"},"modified":"2022-03-23T11:51:56","modified_gmt":"2022-03-23T14:51:56","slug":"el-ministro-pablo-lopez-visito-pymes-de-canuelas-y-marcos-paz","status":"publish","type":"post","link":"https:\/\/laurbedigital.com.ar\/noticias\/2022\/03\/23\/el-ministro-pablo-lopez-visito-pymes-de-canuelas-y-marcos-paz\/","title":{"rendered":"El Ministro Pablo L\u00f3pez visit\u00f3 pymes de Ca\u00f1uelas y Marcos Paz"},"content":{"rendered":"<p>&nbsp;<\/p>\n<h5>Fue en el marco de una visita a ambos municipios donde tambi\u00e9n recorri\u00f3 obras de ampliaci\u00f3n de la Ruta 40.<\/h5>\n<p>El Ministro de Hacienda y Finanzas de la provincia de Buenos Aires Pablo L\u00f3pez, visit\u00f3 los municipios de Ca\u00f1uelas y Marcos Paz, donde mantuvo reuniones con la intendenta Marisa Fassi y el intendente Ricardo Pedro Curuchet, con quienes repas\u00f3 la situaci\u00f3n econ\u00f3mica y productiva de cada distrito.<\/p>\n<p>Por la ma\u00f1ana, el Ministro L\u00f3pez y la Intendenta Fassi recorrieron el Parque Industrial Ca\u00f1uelas, ubicado en la Ruta provincial 6, y visitaron la planta de fabricaci\u00f3n de bolsas pl\u00e1sticas de la empresa Manufactura de Accesorios Pl\u00e1sticos S.A. (MAPSA); y la empresa Visuar, que fabrica y distribuye heladeras, lavarropas y peque\u00f1os electrodom\u00e9sticos, siendo una de las seis plantas en el mundo construidas bajo est\u00e1ndares de Samsung Electronics.<\/p>\n<p>Luego, en Marcos Paz, el Ministro L\u00f3pez y el Intendente Ricardo Pedro Curuchet realizaron un recorrido por obras de ampliaci\u00f3n de la Ruta 40, que son financiadas entre Naci\u00f3n, Provincia y fondos municipales, y visitaron la empresa regional l\u00e1ctea Cecilu y la f\u00e1brica de tostadas Manieri.<\/p>\n<p>Al respecto de las visitas, el <strong>Ministro L\u00f3pez asegur\u00f3 que: \u201cDesde el comienzo de nuestra gesti\u00f3n sostenemos la importancia de las pymes, su rol fundamental en la recuperaci\u00f3n del entramado productivo de la Provincia. Es por eso que, como nos instruye el Gobernador Axel Kicillof, trabajamos en el territorio para escuchar a las y los empresarios, y avanzar en el dise\u00f1o de instrumentos que los ayuden a desarrollarse\u201d. A lo que agreg\u00f3 que: \u201cTrabajamos junto a los municipios para conocer las demandas reales de las y los bonaerenses y, a partir de all\u00ed, impulsar acciones y obras estructurales que potencien el entramado productivo y contribuyan a la integraci\u00f3n de toda la Provincia\u201d.<\/strong><\/p>\n<p>&nbsp;<\/p>\n","protected":false},"excerpt":{"rendered":"<p>&nbsp; Fue en el marco de una visita a ambos municipios donde tambi\u00e9n recorri\u00f3 obras de ampliaci\u00f3n de la Ruta<\/p>\n","protected":false},"author":1,"featured_media":72915,"comment_status":"closed","ping_status":"closed","sticky":false,"template":"","format":"standard","meta":{"kia_subtitle":"","footnotes":"","jetpack_publicize_message":"El Ministro Pablo L\u00f3pez visit\u00f3 pymes de Ca\u00f1uelas y Marcos Paz","jetpack_publicize_feature_enabled":true,"jetpack_social_post_already_shared":true,"jetpack_social_options":{"image_generator_settings":{"template":"highway","default_image_id":0,"font":"","enabled":false},"version":2}},"categories":[3,56],"tags":[],"class_list":["post-72914","post","type-post","status-publish","format-standard","has-post-thumbnail","hentry","category-actualidad","category-buenos-aires"],"jetpack_publicize_connections":[],"jetpack_featured_media_url":"https:\/\/laurbedigital.com.ar\/noticias\/wp-content\/uploads\/2022\/03\/20220323-Pablo-Lopez-Canuelas.jpg","_links":{"self":[{"href":"https:\/\/laurbedigital.com.ar\/noticias\/wp-json\/wp\/v2\/posts\/72914","targetHints":{"allow":["GET"]}}],"collection":[{"href":"https:\/\/laurbedigital.com.ar\/noticias\/wp-json\/wp\/v2\/posts"}],"about":[{"href":"https:\/\/laurbedigital.com.ar\/noticias\/wp-json\/wp\/v2\/types\/post"}],"author":[{"embeddable":true,"href":"https:\/\/laurbedigital.com.ar\/noticias\/wp-json\/wp\/v2\/users\/1"}],"replies":[{"embeddable":true,"href":"https:\/\/laurbedigital.com.ar\/noticias\/wp-json\/wp\/v2\/comments?post=72914"}],"version-history":[{"count":2,"href":"https:\/\/laurbedigital.com.ar\/noticias\/wp-json\/wp\/v2\/posts\/72914\/revisions"}],"predecessor-version":[{"id":72917,"href":"https:\/\/laurbedigital.com.ar\/noticias\/wp-json\/wp\/v2\/posts\/72914\/revisions\/72917"}],"wp:featuredmedia":[{"embeddable":true,"href":"https:\/\/laurbedigital.com.ar\/noticias\/wp-json\/wp\/v2\/media\/72915"}],"wp:attachment":[{"href":"https:\/\/laurbedigital.com.ar\/noticias\/wp-json\/wp\/v2\/media?parent=72914"}],"wp:term":[{"taxonomy":"category","embeddable":true,"href":"https:\/\/laurbedigital.com.ar\/noticias\/wp-json\/wp\/v2\/categories?post=72914"},{"taxonomy":"post_tag","embeddable":true,"href":"https:\/\/laurbedigital.com.ar\/noticias\/wp-json\/wp\/v2\/tags?post=72914"}],"curies":[{"name":"wp","href":"https:\/\/api.w.org\/{rel}","templated":true}]}}