{"id":72902,"date":"2022-03-23T11:22:18","date_gmt":"2022-03-23T14:22:18","guid":{"rendered":"https:\/\/laurbedigital.com.ar\/noticias\/?p=72902"},"modified":"2022-03-23T11:22:18","modified_gmt":"2022-03-23T14:22:18","slug":"etiquetado-frontal","status":"publish","type":"post","link":"https:\/\/laurbedigital.com.ar\/noticias\/2022\/03\/23\/etiquetado-frontal\/","title":{"rendered":"Oficial: el Gobierno reglament\u00f3 la ley y pone en marcha el etiquetado frontal"},"content":{"rendered":"<p>&nbsp;<\/p>\n<h5>El Gobierno oficializ\u00f3 la puesta en marcha de esta norma que tiene como objetivo advertir a los consumidores sobre los excesos de grasas, sodio y az\u00facares en los productos.<\/h5>\n<p><strong>El Poder Ejecutivo public\u00f3 este mi\u00e9rcoles en el Bolet\u00edn Oficial la reglamentaci\u00f3n de la Ley 27.642 de Promoci\u00f3n de la Alimentaci\u00f3n Saludable, conocida como ley de etiquetado frontal,\u00a0<\/strong>con lo que oficializ\u00f3 la puesta en marcha de esta norma que tiene como objetivo advertir a los consumidores sobre los excesos de grasas, sodio y az\u00facares en los productos, con el fin de ayudar a combatir la obesidad, la hipertensi\u00f3n y los riesgos card\u00edacos.<\/p>\n<p>La reglamentaci\u00f3n fue aprobada mediante el decreto 151\/2022 que lleva las firmas del presidente Alberto Fern\u00e1ndez, el jefe de Gabinete, Juan Manzur, y los ministros Carla Vizzotti (Salud) y Juli\u00e1n Dom\u00ednguez (Agricultura, Ganader\u00eda y Pesca).<\/p>\n<p>La ley 27.642, sancionada el 26 de octubre de 2021, tiene como meta que la poblaci\u00f3n cuente con informaci\u00f3n sobre los productos que consume a trav\u00e9s de un sistema de etiquetado que advierta cuando un producto tenga \u00abexceso en az\u00facares\u00bb, \u00abexceso en sodio\u00bb, \u00abexceso en grasas saturadas\u00bb, \u00abexceso en grasas totales\u00bb, y\/o \u00abexceso en calor\u00edas\u00bb, seg\u00fan valores propuestos por la OPS, y otro tipo de advertencias como la presencia de edulcorantes o cafe\u00edna.<\/p>\n<p><strong>Tambi\u00e9n establece que este tipo de productos no pueden tener publicidad comercial -dirigida a ni\u00f1os, ni\u00f1as y adolescentes- ni ser vendidos en entornos escolares, entre otros puntos.<\/p>\n<p><img loading=\"lazy\" decoding=\"async\" class=\"alignnone  wp-image-72904\" src=\"https:\/\/laurbedigital.com.ar\/noticias\/wp-content\/uploads\/2022\/03\/20220323-Etiquetado-frontal-1.jpg\" alt=\"\" width=\"727\" height=\"405\" title=\"\" srcset=\"https:\/\/laurbedigital.com.ar\/noticias\/wp-content\/uploads\/2022\/03\/20220323-Etiquetado-frontal-1.jpg 768w, https:\/\/laurbedigital.com.ar\/noticias\/wp-content\/uploads\/2022\/03\/20220323-Etiquetado-frontal-1-300x167.jpg 300w\" sizes=\"auto, (max-width: 727px) 100vw, 727px\" \/><br \/>\n<\/strong><\/p>\n<p>En los considerandos del decreto que aprueba la reglamentaci\u00f3n se remarca que \u201cla alimentaci\u00f3n saludable es aquella que basada en criterios de equilibrio y variedad, y de acuerdo a las pautas culturales de la poblaci\u00f3n, aporta una cantidad suficiente de nutrientes esenciales y limitada en aquellos nutrientes cuya ingesta en exceso es factor de riesgo de enfermedades cr\u00f3nicas no transmisibles\u201d.<\/p>\n<p>Tambi\u00e9n advierte que \u201cla prevenci\u00f3n de la malnutrici\u00f3n implica, entre otras medidas, la advertencia sobre los excesos de nutrientes cr\u00edticos como az\u00facares, sodio, grasas saturadas, grasas totales y calor\u00edas en alimentos envasados y bebidas analcoh\u00f3licas, a partir de<strong>\u00a0informaci\u00f3n clara, oportuna y veraz que resguarde los derechos de las consumidoras y los consumidores\u201d.<\/strong><\/p>\n<p>Asimismo, en el decreto se argumenta que el uso del etiquetado frontal con sistema gr\u00e1fico de advertencias octogonal negro en los productos envasados \u201cresulta ser el m\u00e1s visible, comprensible, claro y eficaz para identificar nutrientes cr\u00edticos en exceso, transmitir una mayor percepci\u00f3n de riesgo para la salud y un mejor desempe\u00f1o para disminuir la intenci\u00f3n, tanto de consumo como de compra en el territorio argentino\u201d.<\/p>\n<p>&nbsp;<\/p>\n<p>&nbsp;<\/p>\n","protected":false},"excerpt":{"rendered":"<p>&nbsp; El Gobierno oficializ\u00f3 la puesta en marcha de esta norma que tiene como objetivo advertir a los consumidores sobre<\/p>\n","protected":false},"author":1,"featured_media":72903,"comment_status":"closed","ping_status":"closed","sticky":false,"template":"","format":"standard","meta":{"kia_subtitle":"","footnotes":"","jetpack_publicize_message":"Oficial: el Gobierno reglament\u00f3 la ley y pone en marcha el etiquetado frontal","jetpack_publicize_feature_enabled":true,"jetpack_social_post_already_shared":true,"jetpack_social_options":{"image_generator_settings":{"template":"highway","default_image_id":0,"font":"","enabled":false},"version":2}},"categories":[3,41],"tags":[],"class_list":["post-72902","post","type-post","status-publish","format-standard","has-post-thumbnail","hentry","category-actualidad","category-nacionales"],"jetpack_publicize_connections":[],"jetpack_featured_media_url":"https:\/\/laurbedigital.com.ar\/noticias\/wp-content\/uploads\/2022\/03\/20220323-Etiquetado-frontal.jpg","_links":{"self":[{"href":"https:\/\/laurbedigital.com.ar\/noticias\/wp-json\/wp\/v2\/posts\/72902","targetHints":{"allow":["GET"]}}],"collection":[{"href":"https:\/\/laurbedigital.com.ar\/noticias\/wp-json\/wp\/v2\/posts"}],"about":[{"href":"https:\/\/laurbedigital.com.ar\/noticias\/wp-json\/wp\/v2\/types\/post"}],"author":[{"embeddable":true,"href":"https:\/\/laurbedigital.com.ar\/noticias\/wp-json\/wp\/v2\/users\/1"}],"replies":[{"embeddable":true,"href":"https:\/\/laurbedigital.com.ar\/noticias\/wp-json\/wp\/v2\/comments?post=72902"}],"version-history":[{"count":3,"href":"https:\/\/laurbedigital.com.ar\/noticias\/wp-json\/wp\/v2\/posts\/72902\/revisions"}],"predecessor-version":[{"id":72907,"href":"https:\/\/laurbedigital.com.ar\/noticias\/wp-json\/wp\/v2\/posts\/72902\/revisions\/72907"}],"wp:featuredmedia":[{"embeddable":true,"href":"https:\/\/laurbedigital.com.ar\/noticias\/wp-json\/wp\/v2\/media\/72903"}],"wp:attachment":[{"href":"https:\/\/laurbedigital.com.ar\/noticias\/wp-json\/wp\/v2\/media?parent=72902"}],"wp:term":[{"taxonomy":"category","embeddable":true,"href":"https:\/\/laurbedigital.com.ar\/noticias\/wp-json\/wp\/v2\/categories?post=72902"},{"taxonomy":"post_tag","embeddable":true,"href":"https:\/\/laurbedigital.com.ar\/noticias\/wp-json\/wp\/v2\/tags?post=72902"}],"curies":[{"name":"wp","href":"https:\/\/api.w.org\/{rel}","templated":true}]}}