{"id":72762,"date":"2022-03-21T14:10:09","date_gmt":"2022-03-21T17:10:09","guid":{"rendered":"https:\/\/laurbedigital.com.ar\/noticias\/?p=72762"},"modified":"2022-03-21T14:10:09","modified_gmt":"2022-03-21T17:10:09","slug":"72762","status":"publish","type":"post","link":"https:\/\/laurbedigital.com.ar\/noticias\/2022\/03\/21\/72762\/","title":{"rendered":"Avanza la obra de desag\u00fces pluviales Villa Coll &#8211; La Esperanza en San Vicente"},"content":{"rendered":"<p>&nbsp;<\/p>\n<h5 style=\"font-weight: 400;\">Contin\u00faan los trabajos de desag\u00fces en el Barrio La Esperanza y Villa Coll, en la localidad sanvicentina de Alejandro Korn. Estos incluir\u00e1n la construcci\u00f3n del Colector Principal sobre la calle Sargento Cabral.<\/h5>\n<p style=\"font-weight: 400;\">El conducto subterr\u00e1neo, informaron las autoridades municipales, <strong>\u201cgarantizar\u00e1 el escurrimiento pluvial, conect\u00e1ndose con otros tres ramales y beneficiando a m\u00e1s de 25.000 vecinos y vecinas\u201d<\/strong>. Esta obra h\u00eddrica, adem\u00e1s contempla un sistema de desag\u00fces subterr\u00e1neos y en total consta de 27 kil\u00f3metros de zanjeo con cruces de calle.<\/p>\n<p>Cabe destacar, que esta obra de infraestructura se realiza en conjunto con el Ministerio de Obras P\u00fablicas de la Naci\u00f3n, con el objetivo de cambiar la calidad de vida de los vecinos y vecinas.<\/p>\n<p>&nbsp;<\/p>\n<p>&nbsp;<\/p>\n","protected":false},"excerpt":{"rendered":"<p>&nbsp; Contin\u00faan los trabajos de desag\u00fces en el Barrio La Esperanza y Villa Coll, en la localidad sanvicentina de Alejandro<\/p>\n","protected":false},"author":1,"featured_media":72763,"comment_status":"closed","ping_status":"closed","sticky":false,"template":"","format":"standard","meta":{"kia_subtitle":"","footnotes":"","jetpack_publicize_message":"Avanza la obra de desag\u00fces pluviales Villa Coll - La Esperanza en San Vicente","jetpack_publicize_feature_enabled":true,"jetpack_social_post_already_shared":true,"jetpack_social_options":{"image_generator_settings":{"template":"highway","default_image_id":0,"font":"","enabled":false},"version":2}},"categories":[13,246],"tags":[],"class_list":["post-72762","post","type-post","status-publish","format-standard","has-post-thumbnail","hentry","category-region","category-san-vicente"],"jetpack_publicize_connections":[],"jetpack_featured_media_url":"https:\/\/laurbedigital.com.ar\/noticias\/wp-content\/uploads\/2022\/03\/20220321-SV-Obra.jpg","_links":{"self":[{"href":"https:\/\/laurbedigital.com.ar\/noticias\/wp-json\/wp\/v2\/posts\/72762","targetHints":{"allow":["GET"]}}],"collection":[{"href":"https:\/\/laurbedigital.com.ar\/noticias\/wp-json\/wp\/v2\/posts"}],"about":[{"href":"https:\/\/laurbedigital.com.ar\/noticias\/wp-json\/wp\/v2\/types\/post"}],"author":[{"embeddable":true,"href":"https:\/\/laurbedigital.com.ar\/noticias\/wp-json\/wp\/v2\/users\/1"}],"replies":[{"embeddable":true,"href":"https:\/\/laurbedigital.com.ar\/noticias\/wp-json\/wp\/v2\/comments?post=72762"}],"version-history":[{"count":2,"href":"https:\/\/laurbedigital.com.ar\/noticias\/wp-json\/wp\/v2\/posts\/72762\/revisions"}],"predecessor-version":[{"id":72765,"href":"https:\/\/laurbedigital.com.ar\/noticias\/wp-json\/wp\/v2\/posts\/72762\/revisions\/72765"}],"wp:featuredmedia":[{"embeddable":true,"href":"https:\/\/laurbedigital.com.ar\/noticias\/wp-json\/wp\/v2\/media\/72763"}],"wp:attachment":[{"href":"https:\/\/laurbedigital.com.ar\/noticias\/wp-json\/wp\/v2\/media?parent=72762"}],"wp:term":[{"taxonomy":"category","embeddable":true,"href":"https:\/\/laurbedigital.com.ar\/noticias\/wp-json\/wp\/v2\/categories?post=72762"},{"taxonomy":"post_tag","embeddable":true,"href":"https:\/\/laurbedigital.com.ar\/noticias\/wp-json\/wp\/v2\/tags?post=72762"}],"curies":[{"name":"wp","href":"https:\/\/api.w.org\/{rel}","templated":true}]}}