{"id":72758,"date":"2022-03-21T14:01:21","date_gmt":"2022-03-21T17:01:21","guid":{"rendered":"https:\/\/laurbedigital.com.ar\/noticias\/?p=72758"},"modified":"2022-03-21T14:01:21","modified_gmt":"2022-03-21T17:01:21","slug":"desde-hijos-llamaron-a-ir-la-movilizacion-del-24-de-marzo-con-las-banderas-bien-en-alto","status":"publish","type":"post","link":"https:\/\/laurbedigital.com.ar\/noticias\/2022\/03\/21\/desde-hijos-llamaron-a-ir-la-movilizacion-del-24-de-marzo-con-las-banderas-bien-en-alto\/","title":{"rendered":"Desde HIJOS llamaron a ir la movilizaci\u00f3n del 24 de marzo \u2018con las banderas bien en alto\u2019"},"content":{"rendered":"<p>&nbsp;<\/p>\n<h5>El<strong>\u00a0referente de<\/strong>\u00a0la agrupaci\u00f3n<strong>\u00a0HIJOS Capital Charly Pisoni llam\u00f3<\/strong>\u00a0este lunes<strong>\u00a0a acompa\u00f1ar la movilizaci\u00f3n convocada para el 24 de marzo en Plaza de Mayo y en todas las plazas del pa\u00eds \u00abcon las banderas bien en alto de \u2018Memoria, Verdad y Justicia\u2019<\/strong>, en la fecha que conmemora el comienzo de la \u00faltima dictadura c\u00edvico-militar en la Argentina.<\/h5>\n<p><strong>\u00abEste 24 de marzo nos encuentra con la alegr\u00eda de poder volver a marchar despu\u00e9s de dos a\u00f1os. Sin poder hacerlo, con las banderas bien en alto de \u2018Memoria, Verdad y Justicia\u2019 con los reclamos y exigencias que faltan en esa materia\u00bb, afirm\u00f3 en declaraciones a t\u00e9lam radio.<\/p>\n<p><\/strong>La<strong>\u00a0movilizaci\u00f3n<\/strong>\u00a0se realizar\u00e1 el jueves 24 de marzo a las 14 en Plaza de Mayo y en todas las plazas del pa\u00eds.<\/p>\n<p><strong>Pisoni\u00a0<\/strong>destac\u00f3 que si bien<strong>\u00a0\u00absomos un pa\u00eds \u00edcono en el mundo en esta materia\u00bb y hay 1.100 genocidas condenados, debe exigirse que \u00abno sean enviados a prisiones domiciliarias o a c\u00e1rceles VIP\u00bb<\/strong>.<\/p>\n<p>\u00abTenemos<strong>\u00a08 de cada 10 genocidas que hoy gozan de este beneficio<\/strong>\u00ab, lament\u00f3.<\/p>\n<p class=\" aBigClassNameToAvoidCollisionInText\">Pisoni record\u00f3 que tambi\u00e9n sigue vigente \u00abel reclamo y exigencia\u00bb de soberan\u00eda por las Islas Malvinas al cumplirse el 2 de abril 40 a\u00f1os. de la guerra, adem\u00e1s del pedido de \u00abjusticia por los soldados conscriptos en los juicios que se llevan adelante por torturas\u00bb.<\/p>\n<p>\u00abEsta fecha nos encuentra con los reclamos, como militantes que somos, por entender que gran parte de la sociedad no la est\u00e1 pasando bien, 50% de nuestra poblaci\u00f3n est\u00e1 por abajo de los niveles de pobreza y eso nos duele\u00bb, afirm\u00f3.<\/p>\n<p>En tanto, el referente reclam\u00f3 que se consolide una democracia \u00absin violencia institucional\u00bb y con fuerzas de seguridad democr\u00e1ticas \u00abque no disparen antes de preguntar\u00bb.<\/p>\n<p>\u00abNo queremos m\u00e1s desapariciones, no queremos m\u00e1s muertes, m\u00e1s gatillo f\u00e1cil, no queremos m\u00e1s Santiago Maldonado, no queremos m\u00e1s (*24*) Astudillo Castro\u00bb, subray\u00f3. t\u00e9lam<\/p>\n<p><strong>\u00a0<\/strong><\/p>\n","protected":false},"excerpt":{"rendered":"<p>&nbsp; El\u00a0referente de\u00a0la agrupaci\u00f3n\u00a0HIJOS Capital Charly Pisoni llam\u00f3\u00a0este lunes\u00a0a acompa\u00f1ar la movilizaci\u00f3n convocada para el 24 de marzo en Plaza<\/p>\n","protected":false},"author":1,"featured_media":72759,"comment_status":"closed","ping_status":"closed","sticky":false,"template":"","format":"standard","meta":{"kia_subtitle":"","footnotes":"","jetpack_publicize_message":"Desde HIJOS llamaron a ir la movilizaci\u00f3n del 24 de marzo \u2018con las banderas bien en alto\u2019","jetpack_publicize_feature_enabled":true,"jetpack_social_post_already_shared":true,"jetpack_social_options":{"image_generator_settings":{"template":"highway","default_image_id":0,"font":"","enabled":false},"version":2}},"categories":[3,61,41],"tags":[],"class_list":["post-72758","post","type-post","status-publish","format-standard","has-post-thumbnail","hentry","category-actualidad","category-ddhh","category-nacionales"],"jetpack_publicize_connections":[],"jetpack_featured_media_url":"https:\/\/laurbedigital.com.ar\/noticias\/wp-content\/uploads\/2022\/03\/20220321-Hijos.jpg","_links":{"self":[{"href":"https:\/\/laurbedigital.com.ar\/noticias\/wp-json\/wp\/v2\/posts\/72758","targetHints":{"allow":["GET"]}}],"collection":[{"href":"https:\/\/laurbedigital.com.ar\/noticias\/wp-json\/wp\/v2\/posts"}],"about":[{"href":"https:\/\/laurbedigital.com.ar\/noticias\/wp-json\/wp\/v2\/types\/post"}],"author":[{"embeddable":true,"href":"https:\/\/laurbedigital.com.ar\/noticias\/wp-json\/wp\/v2\/users\/1"}],"replies":[{"embeddable":true,"href":"https:\/\/laurbedigital.com.ar\/noticias\/wp-json\/wp\/v2\/comments?post=72758"}],"version-history":[{"count":2,"href":"https:\/\/laurbedigital.com.ar\/noticias\/wp-json\/wp\/v2\/posts\/72758\/revisions"}],"predecessor-version":[{"id":72761,"href":"https:\/\/laurbedigital.com.ar\/noticias\/wp-json\/wp\/v2\/posts\/72758\/revisions\/72761"}],"wp:featuredmedia":[{"embeddable":true,"href":"https:\/\/laurbedigital.com.ar\/noticias\/wp-json\/wp\/v2\/media\/72759"}],"wp:attachment":[{"href":"https:\/\/laurbedigital.com.ar\/noticias\/wp-json\/wp\/v2\/media?parent=72758"}],"wp:term":[{"taxonomy":"category","embeddable":true,"href":"https:\/\/laurbedigital.com.ar\/noticias\/wp-json\/wp\/v2\/categories?post=72758"},{"taxonomy":"post_tag","embeddable":true,"href":"https:\/\/laurbedigital.com.ar\/noticias\/wp-json\/wp\/v2\/tags?post=72758"}],"curies":[{"name":"wp","href":"https:\/\/api.w.org\/{rel}","templated":true}]}}