{"id":72133,"date":"2022-03-12T00:56:08","date_gmt":"2022-03-12T03:56:08","guid":{"rendered":"https:\/\/laurbedigital.com.ar\/noticias\/?p=72133"},"modified":"2022-03-12T00:56:08","modified_gmt":"2022-03-12T03:56:08","slug":"murio-gerardo-rozin-de-alberto-fernandez-a-marley-el-doloroso-adios-de-los-famosos","status":"publish","type":"post","link":"https:\/\/laurbedigital.com.ar\/noticias\/2022\/03\/12\/murio-gerardo-rozin-de-alberto-fernandez-a-marley-el-doloroso-adios-de-los-famosos\/","title":{"rendered":"Muri\u00f3 Gerardo Roz\u00edn: de Alberto Fern\u00e1ndez a Marley, el doloroso adi\u00f3s de los famosos"},"content":{"rendered":"<p>&nbsp;<\/p>\n<h5>El conductor de \u201cLa pe\u00f1a de Morfi\u201d falleci\u00f3 a los 51 a\u00f1os. Su temprano deceso conmocion\u00f3 a referentes de la cultura, quienes destacaron su respeto, calidez y profesionalismo en el periodismo.<\/h5>\n<div class=\"story-subtitle\">\n<p class=\"h3 col-12 md-col-8 font-src bold black-3  mb1\">La <b>muerte del periodista<\/b>\u00a0<b>Gerardo Roz\u00edn (1970-2022)<\/b><b>\u00a0<\/b>gener\u00f3 dolorosos mensajes por parte de varias figuras del mundo del espect\u00e1culo, as\u00ed como del propio presidente de la Naci\u00f3n,\u00a0<b>Alberto<\/b>\u00a0<b>Fern\u00e1ndez<\/b>.<\/p>\n<p>El jefe de Estado destac\u00f3 el profesionalismo del conductor, quien hasta el a\u00f1o pasado condujo \u201cLa pe\u00f1a de Morfi\u201d en la pantalla de Telefe.<\/p>\n<\/div>\n<div class=\"clearfix story mxn0 flex flex-wrap mb1\">\n<div class=\"col col-12 pl1 mn0 body\">\n<section>\u201cProfundo pesar por la temprana partida del periodista y conductor, Gerardo Roz\u00edn.\u00a0<b>Un inmenso profesional, querido por todo aquel que tuvo la dicha de conocerlo.<\/b>\u00a0Abrazo a sus seres queridos y familiares en este momento dif\u00edcil\u201d, escribi\u00f3\u00a0<b>Alberto Fern\u00e1ndez<\/b>\u00a0(@alferdez) en su cuenta de\u00a0<b>Twitter<\/b>.<\/p>\n<p>Por su parte, el conductor Alejandro<b>\u00a0\u201cMarley\u201d\u00a0<\/b>Wiebe, compa\u00f1ero de Roz\u00edn en Telefe, tambi\u00e9n lo despidi\u00f3 con pesar: \u201cMis respetos y cari\u00f1os para la familia de Gerardo Roz\u00edn. Que en paz descanse\u201d.<\/p>\n<p>\u201cMis profundas condolencias a la familia de Gerardo Rozin. Es muy triste su partida. Nos deja un talentoso y un apasionado, incansable y genial.\u00a0<b>Un abrazo fuerte sobre todo a sus chicos<\/b>\u201d, public\u00f3 la conductora de Telefe Noticias,\u00a0<b>Cristina P\u00e9rez<\/b>.<\/p>\n<p>El conductor y empresario\u00a0<b>Marcelo<\/b>\u00a0<b>Tinelli\u00a0<\/b>sum\u00f3: \u201cTodo mi abrazo y amor a la familia de un gran tipo c\u00f3mo Gerardo Roz\u00edn.\u00a0<b>Se lo va extra\u00f1ar mucho<\/b>. Un laburante incansable y\u00a0<b>muy talentoso\u00a0<\/b>de este medio. Enorme tristeza\u201d.<\/p>\n<p>\u201cHe sido amigo de un hombre incre\u00edble los \u00faltimos 17 a\u00f1os.<b>\u00a0El mejor entrevistador que tuve alg\u00fan d\u00eda\u00a0<\/b>y uno de los dedos de la mano que cuenta a los pocos amigos de verdad que tengo\u201d, rescat\u00f3 el cantante\u00a0<b>Ricardo Montaner.<\/b><\/p>\n<p>Mientras que elm\u00fasico\u00a0<b>Alejandro Lerner\u00a0<\/b>comparti\u00f3 una foto donde se lo ve junto a\u00a0<b>Soledad Pastorutti, J\u00e9sica Cirio\u00a0<\/b>y el propio Roz\u00edn. \u201cQuerido amigo: nos has dado tanto. Solo tengo\u00a0<b>agradecimiento\u00a0<\/b>y la tristeza de tu pronta partida. Un abrazo con mis condolencias para toda la familia\u201d, expres\u00f3.<\/p>\n<p>Adem\u00e1s, el club\u00a0<b>Rosario<\/b>\u00a0<b>Central<\/b>, del cual Roz\u00edn era hincha apasionado, dej\u00f3 un mensaje a la familia en esta horas dif\u00edciles. \u201cLamentamos profundamente el fallecimiento de Gerardo Roz\u00edn, un\u00a0<b>guerrero<\/b>\u00a0<b>de coraz\u00f3n<\/b>, que siempre supo representarnos de la mejor manera\u201d, destacaron desde el club.<\/p>\n<\/section>\n<p>&nbsp;<\/p>\n<section>&nbsp;<\/p>\n<\/section>\n<\/div>\n<\/div>\n","protected":false},"excerpt":{"rendered":"<p>&nbsp; El conductor de \u201cLa pe\u00f1a de Morfi\u201d falleci\u00f3 a los 51 a\u00f1os. Su temprano deceso conmocion\u00f3 a referentes de<\/p>\n","protected":false},"author":1,"featured_media":72134,"comment_status":"closed","ping_status":"closed","sticky":false,"template":"","format":"standard","meta":{"kia_subtitle":"","footnotes":"","jetpack_publicize_message":"","jetpack_publicize_feature_enabled":true,"jetpack_social_post_already_shared":true,"jetpack_social_options":{"image_generator_settings":{"template":"highway","default_image_id":0,"font":"","enabled":false},"version":2}},"categories":[68],"tags":[],"class_list":["post-72133","post","type-post","status-publish","format-standard","has-post-thumbnail","hentry","category-cine-y-series"],"jetpack_publicize_connections":[],"jetpack_featured_media_url":"https:\/\/laurbedigital.com.ar\/noticias\/wp-content\/uploads\/2022\/03\/20220312-Rozin.jpg","_links":{"self":[{"href":"https:\/\/laurbedigital.com.ar\/noticias\/wp-json\/wp\/v2\/posts\/72133","targetHints":{"allow":["GET"]}}],"collection":[{"href":"https:\/\/laurbedigital.com.ar\/noticias\/wp-json\/wp\/v2\/posts"}],"about":[{"href":"https:\/\/laurbedigital.com.ar\/noticias\/wp-json\/wp\/v2\/types\/post"}],"author":[{"embeddable":true,"href":"https:\/\/laurbedigital.com.ar\/noticias\/wp-json\/wp\/v2\/users\/1"}],"replies":[{"embeddable":true,"href":"https:\/\/laurbedigital.com.ar\/noticias\/wp-json\/wp\/v2\/comments?post=72133"}],"version-history":[{"count":2,"href":"https:\/\/laurbedigital.com.ar\/noticias\/wp-json\/wp\/v2\/posts\/72133\/revisions"}],"predecessor-version":[{"id":72136,"href":"https:\/\/laurbedigital.com.ar\/noticias\/wp-json\/wp\/v2\/posts\/72133\/revisions\/72136"}],"wp:featuredmedia":[{"embeddable":true,"href":"https:\/\/laurbedigital.com.ar\/noticias\/wp-json\/wp\/v2\/media\/72134"}],"wp:attachment":[{"href":"https:\/\/laurbedigital.com.ar\/noticias\/wp-json\/wp\/v2\/media?parent=72133"}],"wp:term":[{"taxonomy":"category","embeddable":true,"href":"https:\/\/laurbedigital.com.ar\/noticias\/wp-json\/wp\/v2\/categories?post=72133"},{"taxonomy":"post_tag","embeddable":true,"href":"https:\/\/laurbedigital.com.ar\/noticias\/wp-json\/wp\/v2\/tags?post=72133"}],"curies":[{"name":"wp","href":"https:\/\/api.w.org\/{rel}","templated":true}]}}