{"id":72129,"date":"2024-03-12T00:02:53","date_gmt":"2024-03-12T03:02:53","guid":{"rendered":"https:\/\/laurbedigital.com.ar\/noticias\/?p=72129"},"modified":"2024-03-11T19:55:28","modified_gmt":"2024-03-11T22:55:28","slug":"efemerides-del-12-de-marzo-que-se-celebra-hoy","status":"publish","type":"post","link":"https:\/\/laurbedigital.com.ar\/noticias\/2024\/03\/12\/efemerides-del-12-de-marzo-que-se-celebra-hoy\/","title":{"rendered":"D\u00eda del Escudo Nacional Argentino: \u00bfpor qu\u00e9 se celebra ma\u00f1ana, 12 de marzo?"},"content":{"rendered":"<div class=\"\" data-block=\"true\" data-editor=\"7g181\" data-offset-key=\"frnk1-0-0\">\n<h4 class=\"public-DraftStyleDefault-block public-DraftStyleDefault-ltr\" data-offset-key=\"frnk1-0-0\"><strong style=\"font-size: 16px;\">D\u00eda del Escudo Nacional Argentino: \u00bfpor qu\u00e9 se celebra ma\u00f1ana, 12 de marzo?<\/strong><\/h4>\n<\/div>\n<p><b>El D\u00eda del Escudo Nacional Argentino se instaur\u00f3 en conmemoraci\u00f3n de su creaci\u00f3n y declaraci\u00f3n como s\u00edmbolo patrio, en 1813.<\/b>\u00a0Esto tiene una simple raz\u00f3n: hasta la instauraci\u00f3n de la Asamblea del a\u00f1o XIII, el sello que se utilizaba para los documentos del Virreinato era el de las armas reales. Por eso,\u00a0<b>ante la necesidad de contar con un distintivo propio, naci\u00f3 una insignia nueva que inclu\u00eda, a su vez, la constituci\u00f3n de una identidad.<\/b><\/p>\n<p><b>En 1944,<\/b>\u00a0el Poder Ejecutivo Nacional mediante el Decreto 10.302, en su art\u00edculo 5.\u00b0, determin\u00f3 la adopci\u00f3n del sello que us\u00f3 la Soberana Asamblea General Constituyente de las Provincias Unidas del R\u00edo de la Plata, como\u00a0<b>representaci\u00f3n del Escudo Argentino.<\/b><\/p>\n<h4><strong>C\u00f3mo est\u00e1 compuesto el Escudo Nacional Argentino<\/strong><\/h4>\n<p>Es un escudo de forma oval cortado con su campo superior de azur (azul), y el inferior de plata (blanco) con dos antebrazos humanos estrechados que representan la uni\u00f3n de las provincias, el gorro de gules (frigio) es el s\u00edmbolo de la libertad que sostenido por la pica (lanza corta) identificado con la defensa. El sol naciente anuncia una nueva naci\u00f3n, rodeado de los laureles del triunfo. La cinta con los colores patrios hace alusi\u00f3n a la nacionalidad argentina.<\/p>\n<h4><strong>Cu\u00e1l es el significado del Escudo Nacional Argentino<\/strong><\/h4>\n<ul>\n<li><b>Sol naciente:<\/b>\u00a0Representa el surgimiento de una nueva Naci\u00f3n, una nueva sociedad argentina.<\/li>\n<li><b>Laurel:<\/b>\u00a0Es, desde los antiguos griegos, el s\u00edmbolo de la gloria, del poder y del \u00e9xito.<\/li>\n<li><b>Gorro frigio (de color rojo):<\/b>\u00a0Representa la libertad, otro de los valores imprescindibles para la sociedad argentina.<\/li>\n<li><b>Pica o palo:<\/b>\u00a0Este s\u00edmbolo refleja la fuerza que necesita tener un pa\u00eds para poder mantener firme la libertad.<\/li>\n<li><b>El color azulado:\u00a0<\/b>La parte superior del escudo argentino presenta un tono azul que es el color representante de la verdad y la justicia.<\/li>\n<li><b>El color blanco:<\/b>\u00a0Es, desde siempre, el color que representa la pureza, as\u00ed como la fe y la divinidad.<\/li>\n<li><b>Apret\u00f3n de manos:\u00a0<\/b>Es el s\u00edmbolo de la uni\u00f3n del pueblo argentino, indispensable para que la sociedad funcione a la perfecci\u00f3n.<\/li>\n<li><b>Cintas de color azul y blanco:\u00a0<\/b>Son los colores de la bandera de este pa\u00eds que tampoco pueden faltar en el escudo.<\/li>\n<\/ul>\n<p><b>\u00a0<\/b><\/p>\n<p><iframe loading=\"lazy\" title=\"YouTube video player\" src=\"https:\/\/www.youtube.com\/embed\/f7uFIGIZ5PA\" width=\"730\" height=\"411\" frameborder=\"0\" allowfullscreen=\"allowfullscreen\"><\/iframe><\/p>\n<p>&nbsp;<\/p>\n","protected":false},"excerpt":{"rendered":"<p>D\u00eda del Escudo Nacional Argentino: \u00bfpor qu\u00e9 se celebra ma\u00f1ana, 12 de marzo? El D\u00eda del Escudo Nacional Argentino se<\/p>\n","protected":false},"author":1,"featured_media":72130,"comment_status":"closed","ping_status":"closed","sticky":false,"template":"","format":"standard","meta":{"kia_subtitle":"Se celebra el D\u00eda del Escudo Nacional, en conmemoraci\u00f3n de su creaci\u00f3n y declaraci\u00f3n como s\u00edmbolo, en 1813. Conoc\u00e9 la raz\u00f3n y cu\u00e1l es el origen.","footnotes":"","jetpack_publicize_message":"D\u00eda del Escudo Nacional Argentino: \u00bfpor qu\u00e9 se celebra ma\u00f1ana, 12 de marzo?","jetpack_publicize_feature_enabled":true,"jetpack_social_post_already_shared":true,"jetpack_social_options":{"image_generator_settings":{"template":"highway","default_image_id":0,"font":"","enabled":false},"version":2}},"categories":[5,2594],"tags":[],"class_list":["post-72129","post","type-post","status-publish","format-standard","has-post-thumbnail","hentry","category-cultura","category-efemerides"],"jetpack_publicize_connections":[],"jetpack_featured_media_url":"https:\/\/laurbedigital.com.ar\/noticias\/wp-content\/uploads\/2022\/03\/20220312-Escudo-Nacional-Argentino.jpg","_links":{"self":[{"href":"https:\/\/laurbedigital.com.ar\/noticias\/wp-json\/wp\/v2\/posts\/72129","targetHints":{"allow":["GET"]}}],"collection":[{"href":"https:\/\/laurbedigital.com.ar\/noticias\/wp-json\/wp\/v2\/posts"}],"about":[{"href":"https:\/\/laurbedigital.com.ar\/noticias\/wp-json\/wp\/v2\/types\/post"}],"author":[{"embeddable":true,"href":"https:\/\/laurbedigital.com.ar\/noticias\/wp-json\/wp\/v2\/users\/1"}],"replies":[{"embeddable":true,"href":"https:\/\/laurbedigital.com.ar\/noticias\/wp-json\/wp\/v2\/comments?post=72129"}],"version-history":[{"count":5,"href":"https:\/\/laurbedigital.com.ar\/noticias\/wp-json\/wp\/v2\/posts\/72129\/revisions"}],"predecessor-version":[{"id":72132,"href":"https:\/\/laurbedigital.com.ar\/noticias\/wp-json\/wp\/v2\/posts\/72129\/revisions\/72132"}],"wp:featuredmedia":[{"embeddable":true,"href":"https:\/\/laurbedigital.com.ar\/noticias\/wp-json\/wp\/v2\/media\/72130"}],"wp:attachment":[{"href":"https:\/\/laurbedigital.com.ar\/noticias\/wp-json\/wp\/v2\/media?parent=72129"}],"wp:term":[{"taxonomy":"category","embeddable":true,"href":"https:\/\/laurbedigital.com.ar\/noticias\/wp-json\/wp\/v2\/categories?post=72129"},{"taxonomy":"post_tag","embeddable":true,"href":"https:\/\/laurbedigital.com.ar\/noticias\/wp-json\/wp\/v2\/tags?post=72129"}],"curies":[{"name":"wp","href":"https:\/\/api.w.org\/{rel}","templated":true}]}}