{"id":7198,"date":"2017-05-11T16:16:25","date_gmt":"2017-05-11T19:16:25","guid":{"rendered":"http:\/\/laurbedigital.com.ar\/noticias\/?p=7198"},"modified":"2017-05-11T16:16:25","modified_gmt":"2017-05-11T19:16:25","slug":"cascallares-recorrio-la-planta-de-aceros-angeletti-en-burzaco","status":"publish","type":"post","link":"https:\/\/laurbedigital.com.ar\/noticias\/2017\/05\/11\/cascallares-recorrio-la-planta-de-aceros-angeletti-en-burzaco\/","title":{"rendered":"Cascallares recorri\u00f3 la planta de aceros Angeletti en Burzaco"},"content":{"rendered":"<div id=\"m_-392447737253774654yui_3_16_0_ym19_1_1494436788681_61007\" class=\"m_-392447737253774654yiv5454877493MsoNormal\">En un nuevo contacto directo con los sectores productivos locales, el intendente de Almirante Brown, Mariano Cascallares, visit\u00f3 este mediod\u00eda la planta de Aceros Angeletti S.A., en\u00a0<span id=\"m_-392447737253774654yui_3_16_0_ym19_1_1494436788681_61086\">pleno coraz\u00f3n el parque industrial ubicado en la localidad de Burzaco.<\/span><\/div>\n<div id=\"m_-392447737253774654yui_3_16_0_ym19_1_1494436788681_61007\" class=\"m_-392447737253774654yiv5454877493MsoNormal\"><\/div>\n<div id=\"m_-392447737253774654yui_3_16_0_ym19_1_1494436788681_61008\" class=\"m_-392447737253774654yiv5454877493MsoNormal\">El jefe comunal dialog\u00f3 con el presidente de la firma, Alberto Angeletti, en torno a la evoluci\u00f3n de la situaci\u00f3n de la firma y recorri\u00f3 posteriormente los distintos sectores de la planta industrial, instalada desde hace a\u00f1os sobre la avenida Hip\u00f3lito Yrigoyen en las inmediaciones de su intersecci\u00f3n con la Ruta Provincial 4.<\/div>\n<div id=\"m_-392447737253774654yui_3_16_0_ym19_1_1494436788681_61009\" class=\"m_-392447737253774654yiv5454877493MsoNormal\"><\/div>\n<div id=\"m_-392447737253774654yui_3_16_0_ym19_1_1494436788681_61009\" class=\"m_-392447737253774654yiv5454877493MsoNormal\">La empresa produce \u00a0lingotes de aceros al carbono, aleados, inoxidables y especiales, desde 0,55 toneladas hasta 10,5 ton., con una capacidad operativa de 2.700 toneladas por mes; barras forjadas redondas, cuadradas o rectangulares; bloques y discos forjados de hasta 1700 mil\u00edmetros de di\u00e1metro; piezas estampadas para las industrias del petr\u00f3leo y gas; ejes ferroviarios, ruedas de gr\u00faas, \u00e1labes distribuidores y piezas fundidas de hasta 1.800 kilogramos libres de montantes.<\/div>\n<div id=\"m_-392447737253774654yui_3_16_0_ym19_1_1494436788681_61116\" class=\"m_-392447737253774654yiv5454877493MsoNormal\"><\/div>\n<div id=\"m_-392447737253774654yui_3_16_0_ym19_1_1494436788681_61042\" class=\"m_-392447737253774654yiv5454877493MsoNormal\">Cascallares dijo durante la recorrida que \u201cestamos acompa\u00f1ando a esta empresa que tiene una reconocida trayectoria, que est\u00e1 enclavada en nuestro parque industrial que es el segundo m\u00e1s importante de la provincia de Buenos Aires, y hemos evaluado las perspectivas de desenvolvimiento a la luz de los avatares de los sectores productivos\u201d.<\/div>\n<div id=\"m_-392447737253774654yui_3_16_0_ym19_1_1494436788681_61042\" class=\"m_-392447737253774654yiv5454877493MsoNormal\"><\/div>\n<div id=\"m_-392447737253774654yui_3_16_0_ym19_1_1494436788681_61043\" class=\"m_-392447737253774654yiv5454877493MsoNormal\">Por su parte, Alberto Angeletti, se mostr\u00f3 \u201ccontento por el acompa\u00f1amiento que siempre tenemos por parte del Municipio y la presencia una vez m\u00e1s del intendente Cascallares. Es muy importante para nosotros. Lo agradecemos porque el a\u00f1o pasado fue muy duro para nuestra empresa, al igual que los primeros meses de este a\u00f1o.<\/div>\n<div id=\"m_-392447737253774654yui_3_16_0_ym19_1_1494436788681_61043\" class=\"m_-392447737253774654yiv5454877493MsoNormal\"><\/div>\n<div id=\"m_-392447737253774654yui_3_16_0_ym19_1_1494436788681_61043\" class=\"m_-392447737253774654yiv5454877493MsoNormal\">Reci\u00e9n en abril y este mes ha repuntado un poco la actividad, pero entendemos que las perspectivas no son de las mejores por cuestiones que hacen a la macroeconom\u00eda del pa\u00eds\u201d, apunt\u00f3 el empresario.<\/div>\n<div id=\"m_-392447737253774654yui_3_16_0_ym19_1_1494436788681_61045\" class=\"m_-392447737253774654yiv5454877493MsoNormal\"><\/div>\n<div id=\"m_-392447737253774654yui_3_16_0_ym19_1_1494436788681_61044\" class=\"m_-392447737253774654yiv5454877493MsoNormal\">El intendente Cascallares estuvo acompa\u00f1ado por el secretario y subsecretario de Producci\u00f3n y Empleo del Municipio, Pablo Pernicone y Federico Sassone, respectivamente.<\/div>\n","protected":false},"excerpt":{"rendered":"<p>En un nuevo contacto directo con los sectores productivos locales, el intendente de Almirante Brown, Mariano Cascallares, visit\u00f3 este mediod\u00eda<\/p>\n","protected":false},"author":1,"featured_media":7200,"comment_status":"closed","ping_status":"closed","sticky":false,"template":"","format":"standard","meta":{"kia_subtitle":"","footnotes":"","jetpack_publicize_message":"","jetpack_publicize_feature_enabled":true,"jetpack_social_post_already_shared":true,"jetpack_social_options":{"image_generator_settings":{"template":"highway","default_image_id":0,"font":"","enabled":false},"version":2}},"categories":[33,2],"tags":[],"class_list":["post-7198","post","type-post","status-publish","format-standard","has-post-thumbnail","hentry","category-alte-brown-alte-brown","category-alte-brown"],"jetpack_publicize_connections":[],"jetpack_featured_media_url":"https:\/\/laurbedigital.com.ar\/noticias\/wp-content\/uploads\/2017\/05\/20170511-brown.jpg","_links":{"self":[{"href":"https:\/\/laurbedigital.com.ar\/noticias\/wp-json\/wp\/v2\/posts\/7198","targetHints":{"allow":["GET"]}}],"collection":[{"href":"https:\/\/laurbedigital.com.ar\/noticias\/wp-json\/wp\/v2\/posts"}],"about":[{"href":"https:\/\/laurbedigital.com.ar\/noticias\/wp-json\/wp\/v2\/types\/post"}],"author":[{"embeddable":true,"href":"https:\/\/laurbedigital.com.ar\/noticias\/wp-json\/wp\/v2\/users\/1"}],"replies":[{"embeddable":true,"href":"https:\/\/laurbedigital.com.ar\/noticias\/wp-json\/wp\/v2\/comments?post=7198"}],"version-history":[{"count":2,"href":"https:\/\/laurbedigital.com.ar\/noticias\/wp-json\/wp\/v2\/posts\/7198\/revisions"}],"predecessor-version":[{"id":7201,"href":"https:\/\/laurbedigital.com.ar\/noticias\/wp-json\/wp\/v2\/posts\/7198\/revisions\/7201"}],"wp:featuredmedia":[{"embeddable":true,"href":"https:\/\/laurbedigital.com.ar\/noticias\/wp-json\/wp\/v2\/media\/7200"}],"wp:attachment":[{"href":"https:\/\/laurbedigital.com.ar\/noticias\/wp-json\/wp\/v2\/media?parent=7198"}],"wp:term":[{"taxonomy":"category","embeddable":true,"href":"https:\/\/laurbedigital.com.ar\/noticias\/wp-json\/wp\/v2\/categories?post=7198"},{"taxonomy":"post_tag","embeddable":true,"href":"https:\/\/laurbedigital.com.ar\/noticias\/wp-json\/wp\/v2\/tags?post=7198"}],"curies":[{"name":"wp","href":"https:\/\/api.w.org\/{rel}","templated":true}]}}