{"id":71809,"date":"2022-03-07T12:56:25","date_gmt":"2022-03-07T15:56:25","guid":{"rendered":"https:\/\/laurbedigital.com.ar\/noticias\/?p=71809"},"modified":"2022-03-07T13:10:22","modified_gmt":"2022-03-07T16:10:22","slug":"violacion-grupal-en-palermo-los-seis-son-participes-necesarios-cada-uno-cumplia-un-rol","status":"publish","type":"post","link":"https:\/\/laurbedigital.com.ar\/noticias\/2022\/03\/07\/violacion-grupal-en-palermo-los-seis-son-participes-necesarios-cada-uno-cumplia-un-rol\/","title":{"rendered":"Violaci\u00f3n grupal en Palermo: \u00abLos seis son participes necesarios, cada uno cumpl\u00eda un rol\u00bb"},"content":{"rendered":"<p>&nbsp;<\/p>\n<h5>Hugo Figueroa, abogado querellante, hubo \u00aborganizaci\u00f3n\u00bb en el ataque sexual.\u00a0 \u00abHubo un sistema donde cada uno jug\u00f3 su rol. Yo no s\u00e9 qu\u00e9 hubiera pasado si no hubiesen intervenido los dos panaderos\u201d, plante\u00f3.<\/h5>\n<p>El abogado que representa a la joven de 20 a\u00f1os v\u00edctima de una violaci\u00f3n grupal ocurrida hace una semana en la zona de la Plaza Serrano del barrio porte\u00f1o de Palermo asegur\u00f3 que\u00a0<strong>los seis imputados son \u201cpart\u00edcipes necesarios\u201d, que actuaron con \u201corganizaci\u00f3n\u201d y cumpliendo cada uno \u201cun rol\u201d,<\/strong>\u00a0y que se cree que a la chica le dieron alguna sustancia para \u201cvulnerar su voluntad\u201d.<\/p>\n<p>Se trata de Hugo Figueroa, abogado querellante, quien al referirse a las novedades del expediente explic\u00f3 en C5N que la defensa particular de Tom\u00e1s Fabi\u00e1n Dom\u00ednguez, uno de los detenidos, present\u00f3 un planteo de excarcelaci\u00f3n que, de acuerdo a su opini\u00f3n, no deber\u00eda prosperar.<\/p>\n<p>\u201cEntiendo que\u00a0<strong>no va a ser procedente esta excarcelaci\u00f3n porque desde el punto de vista de esta querella son part\u00edcipes necesarios los seis<\/strong>\u201d, dijo Figueroa, quien adem\u00e1s explic\u00f3 que Dom\u00ednguez es uno de los dos acusados que al momento de las detenciones \u201cestaba debajo del autom\u00f3vil, que oficiaba de campana y ten\u00eda la guitarra en la mano\u201d, aunque ello no le quita responsabilidad.<\/p>\n<p>\u201cHay muchas cuestiones que hoy integran la causa, que explican c\u00f3mo cada uno cumpli\u00f3 un rol en esta cuesti\u00f3n\u201d, dijo el letrado y agreg\u00f3: \u201cSe puede hablar de organizaci\u00f3n.\u00a0<strong>Hubo un sistema donde cada uno jug\u00f3 su rol. Yo no s\u00e9 qu\u00e9 hubiera pasado si no hubiesen intervenido los dos panaderos<\/strong>\u201d.<\/p>\n<p>Incluso, coment\u00f3 que dos de los acusados \u201cintentaron llev\u00e1rsela despu\u00e9s de que lleg\u00f3 la polic\u00eda\u201d.<\/p>\n<p>\u201cHay dos personas que la toman de los brazos e intentan extraerla del lugar. Gracias a Dios no se pudo concretar esa acci\u00f3n. Qui\u00e9n puede decir qu\u00e9 hubiera pasado\u201d, se\u00f1al\u00f3.<\/p>\n<p><strong>\u201cHay dos personas que la toman de los brazos e intentan extraerla del lugar. Gracias a Dios no se pudo concretar esa acci\u00f3n. Qui\u00e9n puede decir qu\u00e9 hubiera pasado\u201d<\/strong><\/p>\n<p>Consultado por c\u00f3mo estaba la joven a una semana del hecho, Figueroa contest\u00f3 que \u201c<strong>est\u00e1 muy shockeada por la situaci\u00f3n, no tiene un recuerdo muy claro\u201d, y explic\u00f3 que tienen \u201cla teor\u00eda de que algo le han dado para vulnerar su voluntad\u201d<\/strong>, que \u201calg\u00fan tipo de sustancia se utiliz\u00f3\u201d.<\/p>\n<p>El abogado insisti\u00f3 en que \u201cse acuerda muy poco\u201d de lo sucedido y cont\u00f3 que cuando la chica fue asistida por la panadera que la rescat\u00f3 del auto\u00a0<strong>\u201cestaba en un estado de alteraci\u00f3n absoluta\u201d y lleg\u00f3 a atacar a la comerciante aunque \u00bb despu\u00e9s comprende que era la ayuda y la abraza y se pone a llorar\u201d.<\/strong><\/p>\n<p>En el mismo sentido, indic\u00f3 que el primer recuerdo de la joven \u201ces ya en el hospital hablando y peleando con la polic\u00eda\u201d.<\/p>\n<p>\u201cEstaba en un estado de alteraci\u00f3n absoluto, hasta que pudieron contenerla y le explicaron todo lo que hab\u00eda pasado\u201d, agreg\u00f3.<\/p>\n<p>Sobre lo que la chica pudo aportar en la causa al declarar ante el juez en lo Criminal y Correccional 21, Manuel Fern\u00e1ndez, el abogado de la querella inform\u00f3 que \u201cella tiene el recuerdo que\u00a0<strong>conoci\u00f3 a algunos de ellos dentro del local bailable, que salieron de ah\u00ed con gente que incluso trabajaba en el local, fueron a tomar unas cervezas m\u00e1s y de ah\u00ed no tiene recuerdo del resto<\/strong>\u201d.<\/p>\n<p>Figueroa se\u00f1al\u00f3 que \u201cidentific\u00f3 a los que conoci\u00f3 en forma anterior a perder la conciencia, a tres por lo menos\u201d, y volvi\u00f3 a aclarar que \u201cella no los conoc\u00eda anteriormente, los conoci\u00f3 esa noche\u201d y que\u00a0<strong>la chica hab\u00eda ido a Palermo \u201ccon un amigo\u201d que \u201cya declar\u00f3 en el expediente\u201d<\/strong>.<\/p>\n<p>Por \u00faltimo, el abogado destac\u00f3 el profesionalismo del juzgado, de la fiscal\u00eda y de la Direcci\u00f3n General de Acompa\u00f1amiento, Orientaci\u00f3n y Protecci\u00f3n a las V\u00edctimas (DOVIC) del Ministerio P\u00fablico, por la \u201cceleridad\u201d en la causa y la asistencia a la v\u00edctima.<\/p>\n<p>Adem\u00e1s de Dom\u00ednguez (21), los otros cinco detenidos por la violaci\u00f3n son \u00c1ngel Pascual Ramos (23), Lautaro Dante Ciongo Pasotti (24), Steven Alexis Cuzzoni (20), Franco Jes\u00fas Lykan (24) e Ignacio Retondo (22).<\/p>\n<p>El hecho ocurri\u00f3 el feriado del pasado lunes 28 de febrero por la tarde, a plena luz del d\u00eda, en la calle Serrano al 1300, en Palermo Soho, donde una pareja de panaderos y otro vecino intervinieron al ver que dentro de un auto Volkswagen Gol estacionado junto a la vereda abusaban en grupo de una chica.<\/p>\n<p>Mientras cuatro de los imputados \u2013Ramos, Ciongo Pasotti, Cuzzoni y Lykan-, estaban dentro del auto con la v\u00edctima, los otros dos \u2013Dom\u00ednguez y Retondo-, cantaban y tocaban la guitarra en la vereda, en una maniobra que se cree era de distracci\u00f3n y para actuar de \u201ccampana\u201d. t\u00e9lam<\/p>\n<p>&nbsp;<\/p>\n","protected":false},"excerpt":{"rendered":"<p>&nbsp; Hugo Figueroa, abogado querellante, hubo \u00aborganizaci\u00f3n\u00bb en el ataque sexual.\u00a0 \u00abHubo un sistema donde cada uno jug\u00f3 su rol.<\/p>\n","protected":false},"author":1,"featured_media":71810,"comment_status":"closed","ping_status":"closed","sticky":false,"template":"","format":"standard","meta":{"kia_subtitle":"","footnotes":"","jetpack_publicize_message":"","jetpack_publicize_feature_enabled":true,"jetpack_social_post_already_shared":true,"jetpack_social_options":{"image_generator_settings":{"template":"highway","default_image_id":0,"font":"","enabled":false},"version":2}},"categories":[8],"tags":[],"class_list":["post-71809","post","type-post","status-publish","format-standard","has-post-thumbnail","hentry","category-policiales"],"jetpack_publicize_connections":[],"jetpack_featured_media_url":"https:\/\/laurbedigital.com.ar\/noticias\/wp-content\/uploads\/2022\/03\/20220307-violadores.jpg","_links":{"self":[{"href":"https:\/\/laurbedigital.com.ar\/noticias\/wp-json\/wp\/v2\/posts\/71809","targetHints":{"allow":["GET"]}}],"collection":[{"href":"https:\/\/laurbedigital.com.ar\/noticias\/wp-json\/wp\/v2\/posts"}],"about":[{"href":"https:\/\/laurbedigital.com.ar\/noticias\/wp-json\/wp\/v2\/types\/post"}],"author":[{"embeddable":true,"href":"https:\/\/laurbedigital.com.ar\/noticias\/wp-json\/wp\/v2\/users\/1"}],"replies":[{"embeddable":true,"href":"https:\/\/laurbedigital.com.ar\/noticias\/wp-json\/wp\/v2\/comments?post=71809"}],"version-history":[{"count":4,"href":"https:\/\/laurbedigital.com.ar\/noticias\/wp-json\/wp\/v2\/posts\/71809\/revisions"}],"predecessor-version":[{"id":71816,"href":"https:\/\/laurbedigital.com.ar\/noticias\/wp-json\/wp\/v2\/posts\/71809\/revisions\/71816"}],"wp:featuredmedia":[{"embeddable":true,"href":"https:\/\/laurbedigital.com.ar\/noticias\/wp-json\/wp\/v2\/media\/71810"}],"wp:attachment":[{"href":"https:\/\/laurbedigital.com.ar\/noticias\/wp-json\/wp\/v2\/media?parent=71809"}],"wp:term":[{"taxonomy":"category","embeddable":true,"href":"https:\/\/laurbedigital.com.ar\/noticias\/wp-json\/wp\/v2\/categories?post=71809"},{"taxonomy":"post_tag","embeddable":true,"href":"https:\/\/laurbedigital.com.ar\/noticias\/wp-json\/wp\/v2\/tags?post=71809"}],"curies":[{"name":"wp","href":"https:\/\/api.w.org\/{rel}","templated":true}]}}