{"id":7179,"date":"2017-05-09T19:38:56","date_gmt":"2017-05-09T22:38:56","guid":{"rendered":"http:\/\/laurbedigital.com.ar\/noticias\/?p=7179"},"modified":"2017-05-09T19:38:56","modified_gmt":"2017-05-09T22:38:56","slug":"crecio-la-mortalidad-infantil-en-la-ciudad-de-buenos-aire","status":"publish","type":"post","link":"https:\/\/laurbedigital.com.ar\/noticias\/2017\/05\/09\/crecio-la-mortalidad-infantil-en-la-ciudad-de-buenos-aire\/","title":{"rendered":"Creci\u00f3 la mortalidad infantil en la ciudad de Buenos Aire"},"content":{"rendered":"<p>Durante el 2016, la Tasa de Mortalidad Infantil (TMI) de la Ciudad fue del 7,2%, lo que significa un aumento de 1,2 puntos en relaci\u00f3n al 2015, el a\u00f1o en que se registr\u00f3 el \u00edndice m\u00e1s bajo.<\/p>\n<p>Adem\u00e1s, hay una diferencia clara en el \u00edndice de mortalidad en la Ciudad, \u201cun comportamiento diferencial en las comunas que la componen\u201d, seg\u00fan el informe presentado por la Direcci\u00f3n General de Estad\u00edsticas y Censos y la UNICEF. Los barrios del sur mantuvieron una cifra de mortalidad superior a los del norte y del promedio general de la Ciudad. Las comunas m\u00e1s afectadas fueron la 1, 4, 8 y 9.<\/p>\n<p>Los principales factores se conocer\u00e1n luego de un an\u00e1lisis que har\u00e1 la Red de Neonatolog\u00eda del Ministerio de Salud a finales de mayo, pero podr\u00edan volver a ser la prematurez, el bajo peso al nacer, las infecciones y las malformaciones cong\u00e9nitas (card\u00edacas, neurol\u00f3gicas y digestivas).<\/p>\n<p>Por recomendaci\u00f3n de UNICEF, la Ciudad comenz\u00f3 a tomar per\u00edodos de tres a\u00f1os para medir la cantidad de beb\u00e9s que mueren antes de cumplir un a\u00f1o. Por eso, a pesar de que el porcentaje subi\u00f3 si se lo compara con los datos de 2015, en la Ciudad celebraron los \u00faltimos n\u00fameros de 2016.<\/p>\n<p>Es que desde 2014 hasta el a\u00f1o pasado, la tasa de mortalidad fue de 7 por cada mil nacidos vivos, mientras que en el trienio de 2011-2013 ese porcentaje se ubicaba en el 8,5 por cada mil.<\/p>\n<p>El documento oficial analiza que las causas de mortalidad var\u00edan porque la tasa neonatal suele duplicar el valor de la postnatal, es decir que cada tres defunciones infantiles, dos se registran en la etapa neonatal.<\/p>\n<p>De acuerdo con los datos difundidos, durante 2016 los beb\u00e9s que no llegaron al a\u00f1o de vida fueron 282, mientras que en 2015 hab\u00edan sido 246. Seg\u00fan los funcionarios, esa variaci\u00f3n no tiene una incidencia en la tendencia a la baja.<\/p>\n<p>En ese sentido, y como aspecto positivo, destacan que entre 1990 y 2016 se redujo la mortalidad a menos de la mitad, siendo el \u201ccomponente postneonatal\u201d el que m\u00e1s disminuy\u00f3.<\/p>\n<p>De igual manera, UNICEF destaca que la TMI de CABA ha sido hist\u00f3ricamente de las m\u00e1s bajas del pa\u00eds. En los \u00faltimos 35 a\u00f1os la reducci\u00f3n fue del 68%, pasando de 19 a 6 por mil entre 1980 y 2015.<\/p>\n","protected":false},"excerpt":{"rendered":"<p>Durante el 2016, la Tasa de Mortalidad Infantil (TMI) de la Ciudad fue del 7,2%, lo que significa un aumento<\/p>\n","protected":false},"author":1,"featured_media":7180,"comment_status":"closed","ping_status":"closed","sticky":false,"template":"","format":"standard","meta":{"kia_subtitle":"","footnotes":"","jetpack_publicize_message":"","jetpack_publicize_feature_enabled":true,"jetpack_social_post_already_shared":true,"jetpack_social_options":{"image_generator_settings":{"template":"highway","default_image_id":0,"font":"","enabled":false},"version":2}},"categories":[3,41],"tags":[],"class_list":["post-7179","post","type-post","status-publish","format-standard","has-post-thumbnail","hentry","category-actualidad","category-nacionales"],"jetpack_publicize_connections":[],"jetpack_featured_media_url":"https:\/\/laurbedigital.com.ar\/noticias\/wp-content\/uploads\/2017\/05\/20170509-nac.jpg","_links":{"self":[{"href":"https:\/\/laurbedigital.com.ar\/noticias\/wp-json\/wp\/v2\/posts\/7179","targetHints":{"allow":["GET"]}}],"collection":[{"href":"https:\/\/laurbedigital.com.ar\/noticias\/wp-json\/wp\/v2\/posts"}],"about":[{"href":"https:\/\/laurbedigital.com.ar\/noticias\/wp-json\/wp\/v2\/types\/post"}],"author":[{"embeddable":true,"href":"https:\/\/laurbedigital.com.ar\/noticias\/wp-json\/wp\/v2\/users\/1"}],"replies":[{"embeddable":true,"href":"https:\/\/laurbedigital.com.ar\/noticias\/wp-json\/wp\/v2\/comments?post=7179"}],"version-history":[{"count":1,"href":"https:\/\/laurbedigital.com.ar\/noticias\/wp-json\/wp\/v2\/posts\/7179\/revisions"}],"predecessor-version":[{"id":7181,"href":"https:\/\/laurbedigital.com.ar\/noticias\/wp-json\/wp\/v2\/posts\/7179\/revisions\/7181"}],"wp:featuredmedia":[{"embeddable":true,"href":"https:\/\/laurbedigital.com.ar\/noticias\/wp-json\/wp\/v2\/media\/7180"}],"wp:attachment":[{"href":"https:\/\/laurbedigital.com.ar\/noticias\/wp-json\/wp\/v2\/media?parent=7179"}],"wp:term":[{"taxonomy":"category","embeddable":true,"href":"https:\/\/laurbedigital.com.ar\/noticias\/wp-json\/wp\/v2\/categories?post=7179"},{"taxonomy":"post_tag","embeddable":true,"href":"https:\/\/laurbedigital.com.ar\/noticias\/wp-json\/wp\/v2\/tags?post=7179"}],"curies":[{"name":"wp","href":"https:\/\/api.w.org\/{rel}","templated":true}]}}