{"id":7176,"date":"2017-05-09T19:36:23","date_gmt":"2017-05-09T22:36:23","guid":{"rendered":"http:\/\/laurbedigital.com.ar\/noticias\/?p=7176"},"modified":"2017-05-09T19:36:23","modified_gmt":"2017-05-09T22:36:23","slug":"la-onu-advirtio-al-gobierno-y-a-la-corte-por-el-2x1-a-genocidas-estos-delitos-son-imprescriptibles","status":"publish","type":"post","link":"https:\/\/laurbedigital.com.ar\/noticias\/2017\/05\/09\/la-onu-advirtio-al-gobierno-y-a-la-corte-por-el-2x1-a-genocidas-estos-delitos-son-imprescriptibles\/","title":{"rendered":"La ONU advirti\u00f3 al Gobierno y a la Corte por el 2\u00d71 a genocidas: \u201cEstos delitos son imprescriptibles\u201d"},"content":{"rendered":"<p>La Oficina para Am\u00e9rica del Sur del Alto Comisionado de las Naciones Unidas para los Derechos Humanos (ACNUDH) inst\u00f3 a la Corte Suprema de Justicia de la Naci\u00f3n argentina a tener en cuenta los est\u00e1ndares internacionales de derechos humanos, tras conocerse un fallo de este tribunal que declara aplicable la hoy derogada ley 24.390 -conocida como 2\u00d71- en una causa contra Luis Mui\u00f1a, condenado por cr\u00edmenes de lesa humanidad.<\/p>\n<p>\u201cLa aplicaci\u00f3n de la ley m\u00e1s benigna debe ser interpretada a la luz de los est\u00e1ndares internacionales aplicables a los delitos de lesa humanidad\u201d, se\u00f1al\u00f3 Amerigo Incalcaterra, representante del ACNUDH para Am\u00e9rica del Sur.<\/p>\n<p>Y subray\u00f3: \u201cEl Estado argentino, y la Corte Suprema como instancia del Estado, deben cumplir no solo el derecho interno, sino tambi\u00e9n la normativa internacional aplicable y los compromisos asumidos a nivel internacional\u201d.<\/p>\n<p>Incalcaterra record\u00f3 que la Convenci\u00f3n sobre la Imprescriptibilidad de los Cr\u00edmenes de Guerra y de Lesa Humanidad, -ratificada por Argentina en 1995 y que goza de jerarqu\u00eda constitucional-, sumada al Estatuto de Roma de la Corte Penal Internacional, establecen que estos delitos son imprescriptibles, a la vez que instauran el esquema jur\u00eddico para su juzgamiento y la reparaci\u00f3n de las v\u00edctimas.<\/p>\n<p>\u201cLos cr\u00edmenes de lesa humanidad agravian no solo a las v\u00edctimas, sino a todos los seres humanos. Por ello, no pueden asimilarse a delitos comunes y su gravedad requiere de una sanci\u00f3n proporcional\u201d, asever\u00f3 el Representante del ACNUDH. Al respecto, Incalcaterra record\u00f3 que el Estatuto de Roma de la Corte Penal Internacional establece las condiciones para aplicar posibles reducciones de pena o el otorgamiento de beneficios ante cr\u00edmenes de lesa humanidad (art. 110).<\/p>\n<p>El Representante subray\u00f3 que el derecho a la verdad, la justicia y la reparaci\u00f3n son derechos humanos reconocidos internacionalmente, y que han sido objeto de recomendaciones al Estado argentino por parte de mecanismos de protecci\u00f3n de derechos humanos de las Naciones Unidas.<\/p>\n<p>\u201cEl derecho a la reparaci\u00f3n de las v\u00edctimas de estos delitos es un derecho humano b\u00e1sico, consagrado en tratados universales y regionales de derechos humanos, as\u00ed como en otros instrumentos internacionales, por lo que debe ser protegido\u201d.<\/p>\n<p>Por \u00faltimo, Incalcaterra expres\u00f3 que la Corte Suprema debe considerar la Convenci\u00f3n de Viena sobre el Derecho de los Tratados en el sentido de no invocar disposiciones de derecho interno como justificaci\u00f3n del incumplimiento de una obligaci\u00f3n internacional.<\/p>\n","protected":false},"excerpt":{"rendered":"<p>La Oficina para Am\u00e9rica del Sur del Alto Comisionado de las Naciones Unidas para los Derechos Humanos (ACNUDH) inst\u00f3 a<\/p>\n","protected":false},"author":1,"featured_media":7177,"comment_status":"closed","ping_status":"closed","sticky":false,"template":"","format":"standard","meta":{"kia_subtitle":"","footnotes":"","jetpack_publicize_message":"","jetpack_publicize_feature_enabled":true,"jetpack_social_post_already_shared":true,"jetpack_social_options":{"image_generator_settings":{"template":"highway","default_image_id":0,"font":"","enabled":false},"version":2}},"categories":[3,41],"tags":[],"class_list":["post-7176","post","type-post","status-publish","format-standard","has-post-thumbnail","hentry","category-actualidad","category-nacionales"],"jetpack_publicize_connections":[],"jetpack_featured_media_url":"https:\/\/laurbedigital.com.ar\/noticias\/wp-content\/uploads\/2017\/05\/20170509-nac1.jpg","_links":{"self":[{"href":"https:\/\/laurbedigital.com.ar\/noticias\/wp-json\/wp\/v2\/posts\/7176","targetHints":{"allow":["GET"]}}],"collection":[{"href":"https:\/\/laurbedigital.com.ar\/noticias\/wp-json\/wp\/v2\/posts"}],"about":[{"href":"https:\/\/laurbedigital.com.ar\/noticias\/wp-json\/wp\/v2\/types\/post"}],"author":[{"embeddable":true,"href":"https:\/\/laurbedigital.com.ar\/noticias\/wp-json\/wp\/v2\/users\/1"}],"replies":[{"embeddable":true,"href":"https:\/\/laurbedigital.com.ar\/noticias\/wp-json\/wp\/v2\/comments?post=7176"}],"version-history":[{"count":1,"href":"https:\/\/laurbedigital.com.ar\/noticias\/wp-json\/wp\/v2\/posts\/7176\/revisions"}],"predecessor-version":[{"id":7178,"href":"https:\/\/laurbedigital.com.ar\/noticias\/wp-json\/wp\/v2\/posts\/7176\/revisions\/7178"}],"wp:featuredmedia":[{"embeddable":true,"href":"https:\/\/laurbedigital.com.ar\/noticias\/wp-json\/wp\/v2\/media\/7177"}],"wp:attachment":[{"href":"https:\/\/laurbedigital.com.ar\/noticias\/wp-json\/wp\/v2\/media?parent=7176"}],"wp:term":[{"taxonomy":"category","embeddable":true,"href":"https:\/\/laurbedigital.com.ar\/noticias\/wp-json\/wp\/v2\/categories?post=7176"},{"taxonomy":"post_tag","embeddable":true,"href":"https:\/\/laurbedigital.com.ar\/noticias\/wp-json\/wp\/v2\/tags?post=7176"}],"curies":[{"name":"wp","href":"https:\/\/api.w.org\/{rel}","templated":true}]}}