{"id":71685,"date":"2022-03-05T09:10:53","date_gmt":"2022-03-05T12:10:53","guid":{"rendered":"https:\/\/laurbedigital.com.ar\/noticias\/?p=71685"},"modified":"2022-03-04T23:15:56","modified_gmt":"2022-03-05T02:15:56","slug":"la-produccion-de-automoviles-subio-en-febrero-72-interanual","status":"publish","type":"post","link":"https:\/\/laurbedigital.com.ar\/noticias\/2022\/03\/05\/la-produccion-de-automoviles-subio-en-febrero-72-interanual\/","title":{"rendered":"La producci\u00f3n de autom\u00f3viles subi\u00f3 en febrero 72% interanual"},"content":{"rendered":"<p>&nbsp;<\/p>\n<h5>Terminales produjeron 37.661 unidades el mes pasado, mientras que en el mismo periodo de 2021 se fabricaron 21.809. En tanto, las exportaciones alcanzaron los 20.024 veh\u00edculos.<\/h5>\n<p><strong>La producci\u00f3n nacional de veh\u00edculos durante febrero registr\u00f3 una suba del 72,7% con relaci\u00f3n a igual mes del a\u00f1o pasado y del 101,9% respecto de enero<\/strong>, nivel de actividad que fue impulsado particularmente por el desempe\u00f1o exportador de la terminales, de acuerdo al reporte de la Asociaci\u00f3n de F\u00e1bricas de Automotores (Adefa).<\/p>\n<p>De esta forma,\u00a0<strong>con 19 d\u00edas h\u00e1biles de actividad, las terminales automotrices produjeron 37.661 unidades en el segundo mes del a\u00f1o<\/strong>, cifra sustantivamente superior a las 21.809 registradas en igual per\u00edodo del a\u00f1o anterior y a las 18.651 unidades generadas en enero.<\/p>\n<p>La actividad en el primer mes del a\u00f1o estuvo marcada por la estacionalidad propia de ese mes y por el per\u00edodo de recesos estival en la gran mayor\u00eda de las empresas, explic\u00f3 Adefa.<\/p>\n<p><strong>Los resultados de febrero retomaron la senda de crecimiento interanual que hab\u00eda sido interrumpida en enero<\/strong>, luego de diez meses consecutivos con mejoras en los registros.<\/p>\n<p>El presidente de la entidad, Mart\u00edn Galdeano, sostuvo que\u00a0<strong>\u201ces un inicio de a\u00f1o positivo\u201d\u00a0<\/strong>y anticip\u00f3 que \u201cse continuar\u00e1 monitoreando el desarrollo de la actividad en los pr\u00f3ximos meses teniendo en cuenta que a\u00fan persisten los problemas de abastecimiento de microprocesadores y las limitaciones log\u00edsticas a nivel global\u201d.<\/p>\n<p><img loading=\"lazy\" decoding=\"async\" class=\"alignnone  wp-image-71688\" src=\"https:\/\/laurbedigital.com.ar\/noticias\/wp-content\/uploads\/2022\/03\/autos.jpg\" alt=\"\" width=\"700\" height=\"490\" title=\"\" srcset=\"https:\/\/laurbedigital.com.ar\/noticias\/wp-content\/uploads\/2022\/03\/autos.jpg 933w, https:\/\/laurbedigital.com.ar\/noticias\/wp-content\/uploads\/2022\/03\/autos-300x210.jpg 300w, https:\/\/laurbedigital.com.ar\/noticias\/wp-content\/uploads\/2022\/03\/autos-768x538.jpg 768w, https:\/\/laurbedigital.com.ar\/noticias\/wp-content\/uploads\/2022\/03\/autos-130x90.jpg 130w\" sizes=\"auto, (max-width: 700px) 100vw, 700px\" \/><\/p>\n<p>El informe, dado a conocer este jueves, se\u00f1al\u00f3 tambi\u00e9n que\u00a0<strong>en el acumulado del primer bimestre, la fabricaci\u00f3n de 0 kil\u00f3metros registr\u00f3 una suba de 22,1% comparado con el mismo per\u00edodo de 2021<\/strong>\u00a0y cerr\u00f3 con 56.312 unidades producidas.<\/p>\n<p>En tanto, las exportaciones del segundo mes del a\u00f1o alcanzaron los 20.024 veh\u00edculos, lo que marc\u00f3 una suba del 115,4% con relaci\u00f3n a enero y un aumento del 33% con relaci\u00f3n a igual mes del a\u00f1o anterior.<\/p>\n<p>De esta manera, en el acumulado enero-febrero\u00a0<strong>el sector export\u00f3 29.322 unidades, un 8,7% m\u00e1s en comparaci\u00f3n con las 26.979 unidades del primer bimestre del 2021.<\/strong><\/p>\n<p>Asimismo, el informe se\u00f1ala que<strong>\u00a0las ventas a concesionarios de febrero tuvieron una suba del 26,2% respecto de enero y un descenso del 4,7% con relaci\u00f3n a igual mes del a\u00f1o pasado.<\/strong><\/p>\n<p>Comparando el bimestre del 2022 con respecto al 2021 se registr\u00f3 una baja del 15,6%.<\/p>\n<p>La merma se condice con la baja interanual del 5,1% en los patentamientos de autos en febrero, que inform\u00f3 recientemente la Asociaci\u00f3n de Concesionarios de Automotores (Acara).<\/p>\n<p>De acuerdo con datos de la Asociaci\u00f3n,\u00a0<strong>en los dos meses acumulados del a\u00f1o se patentaron 72.463 unidades, esto es un 9,7% menos que en el mismo per\u00edodo de 2021<\/strong>, en el que se hab\u00edan registrado 80.210 veh\u00edculos.<\/p>\n<p>&nbsp;<\/p>\n<p>&nbsp;<\/p>\n","protected":false},"excerpt":{"rendered":"<p>&nbsp; Terminales produjeron 37.661 unidades el mes pasado, mientras que en el mismo periodo de 2021 se fabricaron 21.809. En<\/p>\n","protected":false},"author":1,"featured_media":71686,"comment_status":"closed","ping_status":"closed","sticky":false,"template":"","format":"standard","meta":{"kia_subtitle":"","footnotes":"","jetpack_publicize_message":"La producci\u00f3n de autom\u00f3viles subi\u00f3 en febrero 72% interanual","jetpack_publicize_feature_enabled":true,"jetpack_social_post_already_shared":true,"jetpack_social_options":{"image_generator_settings":{"template":"highway","default_image_id":0,"font":"","enabled":false},"version":2}},"categories":[3,41],"tags":[],"class_list":["post-71685","post","type-post","status-publish","format-standard","has-post-thumbnail","hentry","category-actualidad","category-nacionales"],"jetpack_publicize_connections":[],"jetpack_featured_media_url":"https:\/\/laurbedigital.com.ar\/noticias\/wp-content\/uploads\/2022\/03\/20220305-autos.jpg","_links":{"self":[{"href":"https:\/\/laurbedigital.com.ar\/noticias\/wp-json\/wp\/v2\/posts\/71685","targetHints":{"allow":["GET"]}}],"collection":[{"href":"https:\/\/laurbedigital.com.ar\/noticias\/wp-json\/wp\/v2\/posts"}],"about":[{"href":"https:\/\/laurbedigital.com.ar\/noticias\/wp-json\/wp\/v2\/types\/post"}],"author":[{"embeddable":true,"href":"https:\/\/laurbedigital.com.ar\/noticias\/wp-json\/wp\/v2\/users\/1"}],"replies":[{"embeddable":true,"href":"https:\/\/laurbedigital.com.ar\/noticias\/wp-json\/wp\/v2\/comments?post=71685"}],"version-history":[{"count":2,"href":"https:\/\/laurbedigital.com.ar\/noticias\/wp-json\/wp\/v2\/posts\/71685\/revisions"}],"predecessor-version":[{"id":71690,"href":"https:\/\/laurbedigital.com.ar\/noticias\/wp-json\/wp\/v2\/posts\/71685\/revisions\/71690"}],"wp:featuredmedia":[{"embeddable":true,"href":"https:\/\/laurbedigital.com.ar\/noticias\/wp-json\/wp\/v2\/media\/71686"}],"wp:attachment":[{"href":"https:\/\/laurbedigital.com.ar\/noticias\/wp-json\/wp\/v2\/media?parent=71685"}],"wp:term":[{"taxonomy":"category","embeddable":true,"href":"https:\/\/laurbedigital.com.ar\/noticias\/wp-json\/wp\/v2\/categories?post=71685"},{"taxonomy":"post_tag","embeddable":true,"href":"https:\/\/laurbedigital.com.ar\/noticias\/wp-json\/wp\/v2\/tags?post=71685"}],"curies":[{"name":"wp","href":"https:\/\/api.w.org\/{rel}","templated":true}]}}