{"id":71589,"date":"2022-03-03T12:34:54","date_gmt":"2022-03-03T15:34:54","guid":{"rendered":"https:\/\/laurbedigital.com.ar\/noticias\/?p=71589"},"modified":"2022-03-03T12:34:54","modified_gmt":"2022-03-03T15:34:54","slug":"el-gobierno-acordo-la-creacion-del-fideicomiso-de-trigo","status":"publish","type":"post","link":"https:\/\/laurbedigital.com.ar\/noticias\/2022\/03\/03\/el-gobierno-acordo-la-creacion-del-fideicomiso-de-trigo\/","title":{"rendered":"El Gobierno acord\u00f3 la creaci\u00f3n del fideicomiso de trigo"},"content":{"rendered":"<p>&nbsp;<\/p>\n<h5>Esta medida tiene el objetivo de regular los precios del mercado interno.<\/h5>\n<p>A partir de un trabajo conjunto entre los ministerios de Agricultura, Ganader\u00eda y Pesca y de Desarrollo Productivo, el Gobierno Nacional lleg\u00f3 a un acuerdo con el sector productivo para la creaci\u00f3n de un fideicomiso de trigo. Esta herramienta permite tener certidumbre y eliminar la volatilidad, dos de los principales requerimientos de la industria para garantizar abastecimiento y precio de alimentos b\u00e1sicos como son los fideos secos y harina.<\/p>\n<p>Este mecanismo da respuesta a la necesidad de desacoplar precios para proteger el mercado interno en un contexto global de conflicto b\u00e9lico y con el precio internacional del trigo alto y sostenido.<\/p>\n<p>El secretario de Comercio Interior de la Naci\u00f3n, Roberto Feletti, acompa\u00f1ado por el subsecretario de Pol\u00edticas para el Mercado Interno, Antonio Mezmezian, y el subsecretario de Agricultura del Ministerio de Agricultura, Ganader\u00eda y Pesca de la Naci\u00f3n, Delfo Buchaillot, acordaron junto a autoridades del sector del trigo y molinos, la creaci\u00f3n de este mecanismo financiero que tiene por objetivo asegurar el precio de comercializaci\u00f3n de harina de trigo pan tipo 000 y fideos secos de presentaci\u00f3n hogare\u00f1a, incluidos en el programa +Precios Cuidados.<\/p>\n<p><img loading=\"lazy\" decoding=\"async\" class=\"alignnone  wp-image-71591\" src=\"https:\/\/laurbedigital.com.ar\/noticias\/wp-content\/uploads\/2022\/03\/20220303-Trigo-Roberto-Feletti.jpg\" alt=\"\" width=\"700\" height=\"390\" title=\"\" srcset=\"https:\/\/laurbedigital.com.ar\/noticias\/wp-content\/uploads\/2022\/03\/20220303-Trigo-Roberto-Feletti.jpg 768w, https:\/\/laurbedigital.com.ar\/noticias\/wp-content\/uploads\/2022\/03\/20220303-Trigo-Roberto-Feletti-300x167.jpg 300w\" sizes=\"auto, (max-width: 700px) 100vw, 700px\" \/><\/p>\n<p>La implementaci\u00f3n de esta pol\u00edtica contempla volcar al mercado dom\u00e9stico 800 mil toneladas de trigo para garantizar abastecimiento y lograr la estabilizaci\u00f3n de precios de esos productos esenciales para la dieta cotidiana de las argentinas y los argentinos.<\/p>\n<p>Este instrumento beneficia a las empresas productoras de esos bienes alimenticios de consumo masivo que actualmente se encuentran con una gran variedad de productos en g\u00f3ndola incluidos en el programa +Precios Cuidados. Adem\u00e1s, se contempla la posibilidad de que los abastecedores que quieran adherir voluntariamente al fideicomiso puedan sumar sus productos al programa de precios de referencia.<\/p>\n<p>El fideicomiso tendr\u00e1 vigencia hasta el 31 de enero de 2024. Participaron de la reuni\u00f3n el titular de la Federaci\u00f3n Argentina de la Industria Molinera (FAIM), Diego Cifarelli; de la Uni\u00f3n de Industriales Fideeros de la Rep\u00fablica Argentina (UIFRA), Juan Manuel Airoldes; de la C\u00e1mara de la Industria Aceitera de la Rep\u00fablica Argentina (CIARA), Gustavo Id\u00edgoras y Mar\u00eda Marta Rebizo; de Ca\u00f1uelas, David Vaiman; de Morixe, Rom\u00e1n Malse\u00f1ido; de Lagomarsino, Paula Lagomarsino; y de Molinos R\u00edo de la Plata, Mariano Egu\u00eda.<\/p>\n<p>&nbsp;<\/p>\n<p>&nbsp;<\/p>\n","protected":false},"excerpt":{"rendered":"<p>&nbsp; Esta medida tiene el objetivo de regular los precios del mercado interno. A partir de un trabajo conjunto entre<\/p>\n","protected":false},"author":1,"featured_media":71590,"comment_status":"closed","ping_status":"closed","sticky":false,"template":"","format":"standard","meta":{"kia_subtitle":"","footnotes":"","jetpack_publicize_message":"El Gobierno acord\u00f3 la creaci\u00f3n del fideicomiso de trigo","jetpack_publicize_feature_enabled":true,"jetpack_social_post_already_shared":true,"jetpack_social_options":{"image_generator_settings":{"template":"highway","default_image_id":0,"font":"","enabled":false},"version":2}},"categories":[3,41],"tags":[],"class_list":["post-71589","post","type-post","status-publish","format-standard","has-post-thumbnail","hentry","category-actualidad","category-nacionales"],"jetpack_publicize_connections":[],"jetpack_featured_media_url":"https:\/\/laurbedigital.com.ar\/noticias\/wp-content\/uploads\/2022\/03\/20220303-Trigo.jpg","_links":{"self":[{"href":"https:\/\/laurbedigital.com.ar\/noticias\/wp-json\/wp\/v2\/posts\/71589","targetHints":{"allow":["GET"]}}],"collection":[{"href":"https:\/\/laurbedigital.com.ar\/noticias\/wp-json\/wp\/v2\/posts"}],"about":[{"href":"https:\/\/laurbedigital.com.ar\/noticias\/wp-json\/wp\/v2\/types\/post"}],"author":[{"embeddable":true,"href":"https:\/\/laurbedigital.com.ar\/noticias\/wp-json\/wp\/v2\/users\/1"}],"replies":[{"embeddable":true,"href":"https:\/\/laurbedigital.com.ar\/noticias\/wp-json\/wp\/v2\/comments?post=71589"}],"version-history":[{"count":2,"href":"https:\/\/laurbedigital.com.ar\/noticias\/wp-json\/wp\/v2\/posts\/71589\/revisions"}],"predecessor-version":[{"id":71593,"href":"https:\/\/laurbedigital.com.ar\/noticias\/wp-json\/wp\/v2\/posts\/71589\/revisions\/71593"}],"wp:featuredmedia":[{"embeddable":true,"href":"https:\/\/laurbedigital.com.ar\/noticias\/wp-json\/wp\/v2\/media\/71590"}],"wp:attachment":[{"href":"https:\/\/laurbedigital.com.ar\/noticias\/wp-json\/wp\/v2\/media?parent=71589"}],"wp:term":[{"taxonomy":"category","embeddable":true,"href":"https:\/\/laurbedigital.com.ar\/noticias\/wp-json\/wp\/v2\/categories?post=71589"},{"taxonomy":"post_tag","embeddable":true,"href":"https:\/\/laurbedigital.com.ar\/noticias\/wp-json\/wp\/v2\/tags?post=71589"}],"curies":[{"name":"wp","href":"https:\/\/api.w.org\/{rel}","templated":true}]}}